{"id":1077,"date":"2011-05-04T15:43:27","date_gmt":"2011-05-04T13:43:27","guid":{"rendered":"https:\/\/www.c.line-design.fr\/website\/i-lumine\/blog\/?p=1077"},"modified":"2021-02-02T14:05:59","modified_gmt":"2021-02-02T13:05:59","slug":"9-mois-apres-la-petite-lucie-en-famille","status":"publish","type":"post","link":"https:\/\/www.c.line-design.fr\/website\/i-lumine\/2011\/05\/04\/9-mois-apres-la-petite-lucie-en-famille\/","title":{"rendered":"9 mois apr\u00e8s &#8230;La petite Lucie en famille"},"content":{"rendered":"<p>Comme dit le dicton jamais 2 sans 3 !<br \/>\nJ&rsquo;ai eu le plaisir de retrouver toute la famille lors de l&rsquo;arriv\u00e9e \u00e0 la maison de la petite Lucie,  apr\u00e8s une premi\u00e8re rencontre il y&rsquo;a un an<a href=\"https:\/\/www.c.line-design.fr\/website\/i-lumine\/blog\/?p=218\"> ici<\/a> puis une deuxi\u00e8me s\u00e9ance en famille pour garder en souvenir la grossesse de C\u00e9line, qui attendait une petite soeur pour Lou <a href=\"https:\/\/www.c.line-design.fr\/website\/i-lumine\/blog\/?p=943\">ici<\/a>  et pour finir  le troisi\u00e8me volet qui arrive tout de suite en image !<br \/>\nJ&rsquo;adore  suivre les familles au fil du temps , voir grandir les petits et partager tous ces moments de bonheur &#8230; Merci pour votre confiance et votre fid\u00e9lit\u00e9 &#8230;<\/p>\n<p><img loading=\"lazy\" decoding=\"async\" src=\"https:\/\/www.c.line-design.fr\/website\/i-lumine\/wp-content\/uploads\/2011\/05\/Sans-titre-1-800x405.jpg\" alt=\"\" title=\"Sans titre-1\" width=\"800\" height=\"405\" class=\"aligncenter size-large wp-image-1079\"><br \/>\n<img loading=\"lazy\" decoding=\"async\" src=\"https:\/\/www.c.line-design.fr\/website\/i-lumine\/wp-content\/uploads\/2011\/05\/IMG_6117-800x533.jpg\" alt=\"\" title=\"IMG_6117\" width=\"800\" height=\"533\" class=\"aligncenter size-large wp-image-1082\"><br \/>\n<img loading=\"lazy\" decoding=\"async\" src=\"https:\/\/www.c.line-design.fr\/website\/i-lumine\/wp-content\/uploads\/2011\/05\/IMG_6089-533x800.jpg\" alt=\"\" title=\"IMG_6089\" width=\"533\" height=\"800\" class=\"aligncenter size-large wp-image-1081\"><br \/>\n<img loading=\"lazy\" decoding=\"async\" src=\"https:\/\/www.c.line-design.fr\/website\/i-lumine\/wp-content\/uploads\/2011\/05\/IMG_6539-533x800.jpg\" alt=\"\" title=\"IMG_6539\" width=\"533\" height=\"800\" class=\"aligncenter size-large wp-image-1085\"><br \/>\n<img loading=\"lazy\" decoding=\"async\" src=\"https:\/\/www.c.line-design.fr\/website\/i-lumine\/wp-content\/uploads\/2011\/05\/Sans-titre-2-800x561.jpg\" alt=\"\" title=\"Sans titre-2\" width=\"800\" height=\"561\" class=\"aligncenter size-large wp-image-1080\"><br \/>\n<img loading=\"lazy\" decoding=\"async\" src=\"https:\/\/www.c.line-design.fr\/website\/i-lumine\/wp-content\/uploads\/2011\/05\/IMG_6156-533x800.jpg\" alt=\"\" title=\"IMG_6156\" width=\"533\" height=\"800\" class=\"aligncenter size-large wp-image-1083\"><br \/>\n<img loading=\"lazy\" decoding=\"async\" src=\"https:\/\/www.c.line-design.fr\/website\/i-lumine\/wp-content\/uploads\/2011\/05\/IMG_6340-800x533.jpg\" alt=\"\" title=\"IMG_6340\" width=\"800\" height=\"533\" class=\"aligncenter size-large wp-image-1078\"><br \/>\n<img loading=\"lazy\" decoding=\"async\" src=\"https:\/\/www.c.line-design.fr\/website\/i-lumine\/wp-content\/uploads\/2011\/05\/IMG_6169-800x533.jpg\" alt=\"\" title=\"IMG_6169\" width=\"800\" height=\"533\" class=\"aligncenter size-large wp-image-1084\"><\/p>\n","protected":false},"excerpt":{"rendered":"<p>Comme dit le dicton jamais 2 sans 3 ! J&rsquo;ai eu le plaisir de retrouver toute la famille lors de l&rsquo;arriv\u00e9e \u00e0 la maison de la petite Lucie, apr\u00e8s une premi\u00e8re rencontre il y&rsquo;a un an ici puis une deuxi\u00e8me s\u00e9ance en famille pour garder en souvenir la grossesse de C\u00e9line, qui attendait une petite&hellip; <a class=\"more-link\" href=\"https:\/\/www.c.line-design.fr\/website\/i-lumine\/2011\/05\/04\/9-mois-apres-la-petite-lucie-en-famille\/\">Poursuivre la lecture <span class=\"screen-reader-text\">9 mois apr\u00e8s &#8230;La petite Lucie en famille<\/span><\/a><\/p>\n","protected":false},"author":2,"featured_media":1079,"comment_status":"open","ping_status":"open","sticky":false,"template":"","format":"standard","meta":{"footnotes":""},"categories":[18,47],"tags":[10,43,30,12,44,20,52,53,33,15,22,23,24,25,17,8,28],"class_list":["post-1077","post","type-post","status-publish","format-standard","has-post-thumbnail","hentry","category-bebes","category-famille","tag-bonheur","tag-crouzet-mathilde","tag-i-lumine-facebook","tag-i-lumine-photographie","tag-lifestyle-tours","tag-mathilde-crouzet-photographe-37","tag-nouveau-ne","tag-photo-bebe","tag-photographe-couple-tours","tag-photographe-indre-et-loire","tag-photographe-lifestyle-tours","tag-photographe-maternite","tag-photographe-maternite-tours","tag-photographe-naissance","tag-photographe-st-avertin","tag-photographe-tours","tag-seance-famille","entry"],"_links":{"self":[{"href":"https:\/\/www.c.line-design.fr\/website\/i-lumine\/wp-json\/wp\/v2\/posts\/1077","targetHints":{"allow":["GET"]}}],"collection":[{"href":"https:\/\/www.c.line-design.fr\/website\/i-lumine\/wp-json\/wp\/v2\/posts"}],"about":[{"href":"https:\/\/www.c.line-design.fr\/website\/i-lumine\/wp-json\/wp\/v2\/types\/post"}],"author":[{"embeddable":true,"href":"https:\/\/www.c.line-design.fr\/website\/i-lumine\/wp-json\/wp\/v2\/users\/2"}],"replies":[{"embeddable":true,"href":"https:\/\/www.c.line-design.fr\/website\/i-lumine\/wp-json\/wp\/v2\/comments?post=1077"}],"version-history":[{"count":1,"href":"https:\/\/www.c.line-design.fr\/website\/i-lumine\/wp-json\/wp\/v2\/posts\/1077\/revisions"}],"predecessor-version":[{"id":4653,"href":"https:\/\/www.c.line-design.fr\/website\/i-lumine\/wp-json\/wp\/v2\/posts\/1077\/revisions\/4653"}],"wp:featuredmedia":[{"embeddable":true,"href":"https:\/\/www.c.line-design.fr\/website\/i-lumine\/wp-json\/wp\/v2\/media\/1079"}],"wp:attachment":[{"href":"https:\/\/www.c.line-design.fr\/website\/i-lumine\/wp-json\/wp\/v2\/media?parent=1077"}],"wp:term":[{"taxonomy":"category","embeddable":true,"href":"https:\/\/www.c.line-design.fr\/website\/i-lumine\/wp-json\/wp\/v2\/categories?post=1077"},{"taxonomy":"post_tag","embeddable":true,"href":"https:\/\/www.c.line-design.fr\/website\/i-lumine\/wp-json\/wp\/v2\/tags?post=1077"}],"curies":[{"name":"wp","href":"https:\/\/api.w.org\/{rel}","templated":true}]}}