{"id":1115,"date":"2011-05-13T22:32:14","date_gmt":"2011-05-13T20:32:14","guid":{"rendered":"https:\/\/www.c.line-design.fr\/website\/i-lumine\/blog\/?p=1115"},"modified":"2021-02-02T14:05:11","modified_gmt":"2021-02-02T13:05:11","slug":"promenade-en-amoureux","status":"publish","type":"post","link":"https:\/\/www.c.line-design.fr\/website\/i-lumine\/2011\/05\/13\/promenade-en-amoureux\/","title":{"rendered":"promenade en amoureux &#8230;"},"content":{"rendered":"<p>Un genre de s\u00e9ance engagement de derni\u00e8re minutes avant le mariage c&rsquo;est improvis\u00e9e  ! un moment de douceur et d&rsquo;amour lors d&rsquo;une petite ballade dans un parc rempli de souvenirs pour Gr\u00e9gorine et Micka\u00ebl .<br \/>\nQuelques photos de ces parfaits amoureux en attendant que je poste leur mariage \ud83d\ude42 :<br \/>\n<img loading=\"lazy\" decoding=\"async\" class=\"aligncenter size-large wp-image-1116\" title=\"IMG_8212\" src=\"https:\/\/www.c.line-design.fr\/website\/i-lumine\/wp-content\/uploads\/2011\/05\/IMG_82125-533x800.jpg\" alt=\"\" width=\"533\" height=\"800\"><br \/>\n<em>Sous leur arbre &#8230;<br \/>\n<img loading=\"lazy\" decoding=\"async\" class=\"aligncenter size-large wp-image-1127\" title=\"Sans titre-1\" src=\"https:\/\/www.c.line-design.fr\/website\/i-lumine\/wp-content\/uploads\/2011\/05\/Sans-titre-13-800x533.jpg\" alt=\"\" width=\"800\" height=\"533\"><br \/>\n<img loading=\"lazy\" decoding=\"async\" class=\"aligncenter size-large wp-image-1126\" title=\"IMG_8625\" src=\"https:\/\/www.c.line-design.fr\/website\/i-lumine\/wp-content\/uploads\/2011\/05\/IMG_86252-533x800.jpg\" alt=\"\" width=\"533\" height=\"800\"><br \/>\n<img loading=\"lazy\" decoding=\"async\" class=\"aligncenter size-large wp-image-1124\" title=\"IMG_8601\" src=\"https:\/\/www.c.line-design.fr\/website\/i-lumine\/wp-content\/uploads\/2011\/05\/IMG_86012-800x533.jpg\" alt=\"\" width=\"800\" height=\"533\"><br \/>\n<img loading=\"lazy\" decoding=\"async\" class=\"aligncenter size-large wp-image-1123\" title=\"IMG_8556 copie\" src=\"https:\/\/www.c.line-design.fr\/website\/i-lumine\/wp-content\/uploads\/2011\/05\/IMG_8556-copie2-533x800.jpg\" alt=\"\" width=\"533\" height=\"800\"><br \/>\n<img loading=\"lazy\" decoding=\"async\" class=\"aligncenter size-large wp-image-1119\" title=\"IMG_8507\" src=\"https:\/\/www.c.line-design.fr\/website\/i-lumine\/wp-content\/uploads\/2011\/05\/IMG_85072-800x533.jpg\" alt=\"\" width=\"800\" height=\"533\"><br \/>\n<img loading=\"lazy\" decoding=\"async\" class=\"aligncenter size-large wp-image-1122\" title=\"IMG_8543\" src=\"https:\/\/www.c.line-design.fr\/website\/i-lumine\/wp-content\/uploads\/2011\/05\/IMG_85431-533x800.jpg\" alt=\"\" width=\"533\" height=\"800\"><br \/>\n<img loading=\"lazy\" decoding=\"async\" class=\"aligncenter size-large wp-image-1118\" title=\"IMG_8497\" src=\"https:\/\/www.c.line-design.fr\/website\/i-lumine\/wp-content\/uploads\/2011\/05\/IMG_84972-533x800.jpg\" alt=\"\" width=\"533\" height=\"800\"><br \/>\n<img loading=\"lazy\" decoding=\"async\" class=\"aligncenter size-large wp-image-1120\" title=\"IMG_8515 copie\" src=\"https:\/\/www.c.line-design.fr\/website\/i-lumine\/wp-content\/uploads\/2011\/05\/IMG_8515-copie2-533x800.jpg\" alt=\"\" width=\"533\" height=\"800\"><br \/>\n<img loading=\"lazy\" decoding=\"async\" class=\"aligncenter size-large wp-image-1117\" title=\"IMG_8219\" src=\"https:\/\/www.c.line-design.fr\/website\/i-lumine\/wp-content\/uploads\/2011\/05\/IMG_82191-533x800.jpg\" alt=\"\" width=\"533\" height=\"800\"><br \/>\n<img loading=\"lazy\" decoding=\"async\" class=\"aligncenter size-large wp-image-1121\" title=\"IMG_8522 copie\" src=\"https:\/\/www.c.line-design.fr\/website\/i-lumine\/wp-content\/uploads\/2011\/05\/IMG_8522-copie2-533x800.jpg\" alt=\"\" width=\"533\" height=\"800\"><\/em><\/p>\n","protected":false},"excerpt":{"rendered":"<p>Un genre de s\u00e9ance engagement de derni\u00e8re minutes avant le mariage c&rsquo;est improvis\u00e9e ! un moment de douceur et d&rsquo;amour lors d&rsquo;une petite ballade dans un parc rempli de souvenirs pour Gr\u00e9gorine et Micka\u00ebl . Quelques photos de ces parfaits amoureux en attendant que je poste leur mariage \ud83d\ude42 : Sous leur arbre &#8230;<\/p>\n","protected":false},"author":2,"featured_media":1116,"comment_status":"open","ping_status":"open","sticky":false,"template":"","format":"standard","meta":{"footnotes":""},"categories":[48],"tags":[9,43,30,12,51,32,20,6,33,15,22,17,27],"class_list":["post-1115","post","type-post","status-publish","format-standard","has-post-thumbnail","hentry","category-couple","tag-amoureux","tag-crouzet-mathilde","tag-i-lumine-facebook","tag-i-lumine-photographie","tag-mariage-37","tag-mathilde-crouzet-facebook","tag-mathilde-crouzet-photographe-37","tag-photographe-37","tag-photographe-couple-tours","tag-photographe-indre-et-loire","tag-photographe-lifestyle-tours","tag-photographe-st-avertin","tag-seance-couple","entry"],"_links":{"self":[{"href":"https:\/\/www.c.line-design.fr\/website\/i-lumine\/wp-json\/wp\/v2\/posts\/1115","targetHints":{"allow":["GET"]}}],"collection":[{"href":"https:\/\/www.c.line-design.fr\/website\/i-lumine\/wp-json\/wp\/v2\/posts"}],"about":[{"href":"https:\/\/www.c.line-design.fr\/website\/i-lumine\/wp-json\/wp\/v2\/types\/post"}],"author":[{"embeddable":true,"href":"https:\/\/www.c.line-design.fr\/website\/i-lumine\/wp-json\/wp\/v2\/users\/2"}],"replies":[{"embeddable":true,"href":"https:\/\/www.c.line-design.fr\/website\/i-lumine\/wp-json\/wp\/v2\/comments?post=1115"}],"version-history":[{"count":1,"href":"https:\/\/www.c.line-design.fr\/website\/i-lumine\/wp-json\/wp\/v2\/posts\/1115\/revisions"}],"predecessor-version":[{"id":4651,"href":"https:\/\/www.c.line-design.fr\/website\/i-lumine\/wp-json\/wp\/v2\/posts\/1115\/revisions\/4651"}],"wp:featuredmedia":[{"embeddable":true,"href":"https:\/\/www.c.line-design.fr\/website\/i-lumine\/wp-json\/wp\/v2\/media\/1116"}],"wp:attachment":[{"href":"https:\/\/www.c.line-design.fr\/website\/i-lumine\/wp-json\/wp\/v2\/media?parent=1115"}],"wp:term":[{"taxonomy":"category","embeddable":true,"href":"https:\/\/www.c.line-design.fr\/website\/i-lumine\/wp-json\/wp\/v2\/categories?post=1115"},{"taxonomy":"post_tag","embeddable":true,"href":"https:\/\/www.c.line-design.fr\/website\/i-lumine\/wp-json\/wp\/v2\/tags?post=1115"}],"curies":[{"name":"wp","href":"https:\/\/api.w.org\/{rel}","templated":true}]}}