{"id":1258,"date":"2011-07-16T23:28:52","date_gmt":"2011-07-16T21:28:52","guid":{"rendered":"https:\/\/www.c.line-design.fr\/website\/i-lumine\/blog\/?p=1258"},"modified":"2021-01-30T11:20:17","modified_gmt":"2021-01-30T10:20:17","slug":"petite-fleur","status":"publish","type":"post","link":"https:\/\/www.c.line-design.fr\/website\/i-lumine\/2011\/07\/16\/petite-fleur\/","title":{"rendered":"petite fleur &#8230;"},"content":{"rendered":"<p>Une p\u00e9riode \u00e9ph\u00e9m\u00e8re , la saison des coquelicots , un moment id\u00e9al pour une s\u00e9ance avec la petite Emma qui grandit tellement vite ! un moment entre amis avec mon mini mod\u00e8le pr\u00e9f\u00e9r\u00e9 sous un temps magnifique !<\/p>\n<p>bon je sais \u00e7a fait beaucoup de coquelicots j&rsquo;esp\u00e8re que vous ferez pas d&rsquo;indigestion !<br \/>\n<img loading=\"lazy\" decoding=\"async\" class=\"aligncenter size-large wp-image-1265\" title=\"IMG_4921 copie\" src=\"https:\/\/www.c.line-design.fr\/website\/i-lumine\/wp-content\/uploads\/2011\/07\/IMG_4921-copie-800x533.jpg\" alt=\"\" width=\"800\" height=\"533\"><br \/>\n<img loading=\"lazy\" decoding=\"async\" class=\"aligncenter size-large wp-image-1270\" title=\"IMG_5039\" src=\"https:\/\/www.c.line-design.fr\/website\/i-lumine\/wp-content\/uploads\/2011\/07\/IMG_5039-533x800.jpg\" alt=\"\" width=\"533\" height=\"800\"><br \/>\n<img loading=\"lazy\" decoding=\"async\" class=\"aligncenter size-large wp-image-1260\" title=\"IMG_4782\" src=\"https:\/\/www.c.line-design.fr\/website\/i-lumine\/wp-content\/uploads\/2011\/07\/IMG_4782-800x533.jpg\" alt=\"\" width=\"800\" height=\"533\"><br \/>\n<img loading=\"lazy\" decoding=\"async\" class=\"aligncenter size-large wp-image-1259\" title=\"IMG_0293\" src=\"https:\/\/www.c.line-design.fr\/website\/i-lumine\/wp-content\/uploads\/2011\/07\/IMG_0293-800x533.jpg\" alt=\"\" width=\"800\" height=\"533\"><br \/>\n<img loading=\"lazy\" decoding=\"async\" class=\"aligncenter size-large wp-image-1262\" title=\"IMG_4846\" src=\"https:\/\/www.c.line-design.fr\/website\/i-lumine\/wp-content\/uploads\/2011\/07\/IMG_4846-533x800.jpg\" alt=\"\" width=\"533\" height=\"800\"><br \/>\n<img loading=\"lazy\" decoding=\"async\" class=\"aligncenter size-large wp-image-1269\" title=\"IMG_5037\" src=\"https:\/\/www.c.line-design.fr\/website\/i-lumine\/wp-content\/uploads\/2011\/07\/IMG_5037-800x533.jpg\" alt=\"\" width=\"800\" height=\"533\"><br \/>\n<img loading=\"lazy\" decoding=\"async\" class=\"aligncenter size-large wp-image-1272\" title=\"IMG_5211\" src=\"https:\/\/www.c.line-design.fr\/website\/i-lumine\/wp-content\/uploads\/2011\/07\/IMG_5211-800x533.jpg\" alt=\"\" width=\"800\" height=\"533\"><br \/>\n<img loading=\"lazy\" decoding=\"async\" class=\"aligncenter size-large wp-image-1271\" title=\"IMG_5171 copie\" src=\"https:\/\/www.c.line-design.fr\/website\/i-lumine\/wp-content\/uploads\/2011\/07\/IMG_5171-copie-800x533.jpg\" alt=\"\" width=\"800\" height=\"533\"><br \/>\n<img loading=\"lazy\" decoding=\"async\" class=\"aligncenter size-large wp-image-1264\" title=\"IMG_4917\" src=\"https:\/\/www.c.line-design.fr\/website\/i-lumine\/wp-content\/uploads\/2011\/07\/IMG_4917-800x533.jpg\" alt=\"\" width=\"800\" height=\"533\"><br \/>\n<img loading=\"lazy\" decoding=\"async\" class=\"aligncenter size-large wp-image-1268\" title=\"IMG_4972 copie\" src=\"https:\/\/www.c.line-design.fr\/website\/i-lumine\/wp-content\/uploads\/2011\/07\/IMG_4972-copie-800x533.jpg\" alt=\"\" width=\"800\" height=\"533\"><br \/>\n<img loading=\"lazy\" decoding=\"async\" class=\"aligncenter size-large wp-image-1266\" title=\"IMG_4945\" src=\"https:\/\/www.c.line-design.fr\/website\/i-lumine\/wp-content\/uploads\/2011\/07\/IMG_4945-800x533.jpg\" alt=\"\" width=\"800\" height=\"533\"><br \/>\n<img loading=\"lazy\" decoding=\"async\" class=\"aligncenter size-large wp-image-1263\" title=\"IMG_4898\" src=\"https:\/\/www.c.line-design.fr\/website\/i-lumine\/wp-content\/uploads\/2011\/07\/IMG_4898-800x533.jpg\" alt=\"\" width=\"800\" height=\"533\"><br \/>\n<img loading=\"lazy\" decoding=\"async\" class=\"aligncenter size-large wp-image-1261\" title=\"IMG_4791 copie\" src=\"https:\/\/www.c.line-design.fr\/website\/i-lumine\/wp-content\/uploads\/2011\/07\/IMG_4791-copie-533x800.jpg\" alt=\"\" width=\"533\" height=\"800\"><br \/>\n<img loading=\"lazy\" decoding=\"async\" src=\"https:\/\/www.c.line-design.fr\/website\/i-lumine\/wp-content\/uploads\/2011\/07\/IMG_5295-copie-800x533.jpg\" alt=\"\" title=\"IMG_5295 copie\" width=\"800\" height=\"533\" class=\"aligncenter size-large wp-image-1323\"><\/p>\n<p>\ud83d\ude09<br \/>\n<img loading=\"lazy\" decoding=\"async\" class=\"aligncenter size-large wp-image-1267\" title=\"IMG_4954\" src=\"https:\/\/www.c.line-design.fr\/website\/i-lumine\/wp-content\/uploads\/2011\/07\/IMG_4954-800x533.jpg\" alt=\"\" width=\"800\" height=\"533\"><\/p>\n","protected":false},"excerpt":{"rendered":"<p>Une p\u00e9riode \u00e9ph\u00e9m\u00e8re , la saison des coquelicots , un moment id\u00e9al pour une s\u00e9ance avec la petite Emma qui grandit tellement vite ! un moment entre amis avec mon mini mod\u00e8le pr\u00e9f\u00e9r\u00e9 sous un temps magnifique ! bon je sais \u00e7a fait beaucoup de coquelicots j&rsquo;esp\u00e8re que vous ferez pas d&rsquo;indigestion ! \ud83d\ude09<\/p>\n","protected":false},"author":2,"featured_media":1265,"comment_status":"open","ping_status":"open","sticky":false,"template":"","format":"standard","meta":{"footnotes":""},"categories":[36,47],"tags":[10,43,30,12,31,44,14,32,20,53,6,33,70,71,23,17,8,26,28],"class_list":["post-1258","post","type-post","status-publish","format-standard","has-post-thumbnail","hentry","category-enfants","category-famille","tag-bonheur","tag-crouzet-mathilde","tag-i-lumine-facebook","tag-i-lumine-photographie","tag-lifestyle","tag-lifestyle-tours","tag-mathilde-crouzet","tag-mathilde-crouzet-facebook","tag-mathilde-crouzet-photographe-37","tag-photo-bebe","tag-photographe-37","tag-photographe-couple-tours","tag-photographe-enfant","tag-photographe-enfant-tours","tag-photographe-maternite","tag-photographe-st-avertin","tag-photographe-tours","tag-portrait","tag-seance-famille","entry"],"_links":{"self":[{"href":"https:\/\/www.c.line-design.fr\/website\/i-lumine\/wp-json\/wp\/v2\/posts\/1258","targetHints":{"allow":["GET"]}}],"collection":[{"href":"https:\/\/www.c.line-design.fr\/website\/i-lumine\/wp-json\/wp\/v2\/posts"}],"about":[{"href":"https:\/\/www.c.line-design.fr\/website\/i-lumine\/wp-json\/wp\/v2\/types\/post"}],"author":[{"embeddable":true,"href":"https:\/\/www.c.line-design.fr\/website\/i-lumine\/wp-json\/wp\/v2\/users\/2"}],"replies":[{"embeddable":true,"href":"https:\/\/www.c.line-design.fr\/website\/i-lumine\/wp-json\/wp\/v2\/comments?post=1258"}],"version-history":[{"count":1,"href":"https:\/\/www.c.line-design.fr\/website\/i-lumine\/wp-json\/wp\/v2\/posts\/1258\/revisions"}],"predecessor-version":[{"id":4583,"href":"https:\/\/www.c.line-design.fr\/website\/i-lumine\/wp-json\/wp\/v2\/posts\/1258\/revisions\/4583"}],"wp:featuredmedia":[{"embeddable":true,"href":"https:\/\/www.c.line-design.fr\/website\/i-lumine\/wp-json\/wp\/v2\/media\/1265"}],"wp:attachment":[{"href":"https:\/\/www.c.line-design.fr\/website\/i-lumine\/wp-json\/wp\/v2\/media?parent=1258"}],"wp:term":[{"taxonomy":"category","embeddable":true,"href":"https:\/\/www.c.line-design.fr\/website\/i-lumine\/wp-json\/wp\/v2\/categories?post=1258"},{"taxonomy":"post_tag","embeddable":true,"href":"https:\/\/www.c.line-design.fr\/website\/i-lumine\/wp-json\/wp\/v2\/tags?post=1258"}],"curies":[{"name":"wp","href":"https:\/\/api.w.org\/{rel}","templated":true}]}}