{"id":166,"date":"2009-08-23T19:30:21","date_gmt":"2009-08-23T19:30:21","guid":{"rendered":"https:\/\/www.c.line-design.fr\/website\/i-lumine\/wordpress\/?p=166"},"modified":"2021-02-02T15:06:48","modified_gmt":"2021-02-02T14:06:48","slug":"la-gentillesse-a-la-quebecoise-un-merveilleux-mariage","status":"publish","type":"post","link":"https:\/\/www.c.line-design.fr\/website\/i-lumine\/2009\/08\/23\/la-gentillesse-a-la-quebecoise-un-merveilleux-mariage\/","title":{"rendered":"La gentillesse \u00e0 la quebecoise ! Un merveilleux Mariage"},"content":{"rendered":"<p>Voici un extrait en musique (sur laquelle les mari\u00e9s ont d&rsquo;ailleurs ouvert la danse) de cette journ\u00e9e remplie de Bonheur, ou amour , bonne humeur et gentillesse \u00e9taient au rendez vous , Merci Caroline et Thomas pour votre accueil si chaleureux ! de tr\u00e8s jolis souvenirs&#8230;<\/p>\n<p><object id=\"showit_swf\" classid=\"clsid:d27cdb6e-ae6d-11cf-96b8-444553540000\" width=\"750\" height=\"600\" codebase=\"http:\/\/download.macromedia.com\/pub\/shockwave\/cabs\/flash\/swflash.cab#version=6,0,40,0\"><param name=\"data\" value=\"http:\/\/siw.myshowit.com\/501797\/8306\/showit.swf\"><param name=\"flashvars\" value=\"showit_embed=http:\/\/siw.myshowit.com\/501797\/8306\/|750|600|0|1|0\"><param name=\"wmode\" value=\"transparent\"><param name=\"salign\" value=\"LT\"><param name=\"menu\" value=\"false\"><param name=\"loop\" value=\"false\"><param name=\"quality\" value=\"best\"><param name=\"bgcolor\" value=\"#000000\"><param name=\"src\" value=\"http:\/\/siw.myshowit.com\/501797\/8306\/showit.swf\"><embed id=\"showit_swf\" type=\"application\/x-shockwave-flash\" width=\"750\" height=\"600\" src=\"http:\/\/siw.myshowit.com\/501797\/8306\/showit.swf\" bgcolor=\"#000000\" quality=\"best\" loop=\"false\" menu=\"false\" salign=\"LT\" wmode=\"transparent\" flashvars=\"showit_embed=http:\/\/siw.myshowit.com\/501797\/8306\/|750|600|0|1|0\" data=\"http:\/\/siw.myshowit.com\/501797\/8306\/showit.swf\"><\/object><\/p>\n","protected":false},"excerpt":{"rendered":"<p>Voici un extrait en musique (sur laquelle les mari\u00e9s ont d&rsquo;ailleurs ouvert la danse) de cette journ\u00e9e remplie de Bonheur, ou amour , bonne humeur et gentillesse \u00e9taient au rendez vous , Merci Caroline et Thomas pour votre accueil si chaleureux ! de tr\u00e8s jolis souvenirs&#8230;<\/p>\n","protected":false},"author":2,"featured_media":4444,"comment_status":"open","ping_status":"open","sticky":false,"template":"","format":"standard","meta":{"footnotes":""},"categories":[5],"tags":[6,7,8],"class_list":["post-166","post","type-post","status-publish","format-standard","has-post-thumbnail","hentry","category-mariage","tag-photographe-37","tag-photographe-mariage-tours","tag-photographe-tours","entry"],"_links":{"self":[{"href":"https:\/\/www.c.line-design.fr\/website\/i-lumine\/wp-json\/wp\/v2\/posts\/166","targetHints":{"allow":["GET"]}}],"collection":[{"href":"https:\/\/www.c.line-design.fr\/website\/i-lumine\/wp-json\/wp\/v2\/posts"}],"about":[{"href":"https:\/\/www.c.line-design.fr\/website\/i-lumine\/wp-json\/wp\/v2\/types\/post"}],"author":[{"embeddable":true,"href":"https:\/\/www.c.line-design.fr\/website\/i-lumine\/wp-json\/wp\/v2\/users\/2"}],"replies":[{"embeddable":true,"href":"https:\/\/www.c.line-design.fr\/website\/i-lumine\/wp-json\/wp\/v2\/comments?post=166"}],"version-history":[{"count":1,"href":"https:\/\/www.c.line-design.fr\/website\/i-lumine\/wp-json\/wp\/v2\/posts\/166\/revisions"}],"predecessor-version":[{"id":4686,"href":"https:\/\/www.c.line-design.fr\/website\/i-lumine\/wp-json\/wp\/v2\/posts\/166\/revisions\/4686"}],"wp:featuredmedia":[{"embeddable":true,"href":"https:\/\/www.c.line-design.fr\/website\/i-lumine\/wp-json\/wp\/v2\/media\/4444"}],"wp:attachment":[{"href":"https:\/\/www.c.line-design.fr\/website\/i-lumine\/wp-json\/wp\/v2\/media?parent=166"}],"wp:term":[{"taxonomy":"category","embeddable":true,"href":"https:\/\/www.c.line-design.fr\/website\/i-lumine\/wp-json\/wp\/v2\/categories?post=166"},{"taxonomy":"post_tag","embeddable":true,"href":"https:\/\/www.c.line-design.fr\/website\/i-lumine\/wp-json\/wp\/v2\/tags?post=166"}],"curies":[{"name":"wp","href":"https:\/\/api.w.org\/{rel}","templated":true}]}}