{"id":167,"date":"2009-09-03T21:39:30","date_gmt":"2009-09-03T21:39:30","guid":{"rendered":"https:\/\/www.c.line-design.fr\/website\/i-lumine\/wordpress\/?p=167"},"modified":"2021-02-02T15:07:51","modified_gmt":"2021-02-02T14:07:51","slug":"une-journee-tres-ensoleillee-ou-le-bonheur-rayonnait","status":"publish","type":"post","link":"https:\/\/www.c.line-design.fr\/website\/i-lumine\/2009\/09\/03\/une-journee-tres-ensoleillee-ou-le-bonheur-rayonnait\/","title":{"rendered":"Une journ\u00e9e tr\u00e8s ensoleill\u00e9e ou le bonheur rayonnait&#8230;"},"content":{"rendered":"<p>C&rsquo;est sous un temps magnifique, que Victoire et Cyril se sont dit \u00ab\u00a0oui\u00a0\u00bb, une journ\u00e9e de joie et de bonheur,je vous laisse juger par vous m\u00eame ! voici un extrait de cette journ\u00e9e en diaporama et en musique !<br \/>\nMerci beaucoup aux Mari\u00e9s , a leurs familles et amis pour leur accueil si chaleureux &#8230;Je vous souhaite une vie de bonheur&#8230;<\/p>\n<p>pour les gourmands&#8230; le dessert ! \ud83d\ude42 <img decoding=\"async\" src=\"\/blog_dotclear\/images\/IMG_0677copie.jpg\" alt=\"\"><br \/>\n<object id=\"showit_swf\" classid=\"clsid:d27cdb6e-ae6d-11cf-96b8-444553540000\" width=\"750\" height=\"600\" codebase=\"http:\/\/download.macromedia.com\/pub\/shockwave\/cabs\/flash\/swflash.cab#version=6,0,40,0\"><param name=\"data\" value=\"http:\/\/siw.myshowit.com\/501797\/8307\/showit.swf\"><param name=\"flashvars\" value=\"showit_embed=http:\/\/siw.myshowit.com\/501797\/8307\/|750|600|0|1|0\"><param name=\"wmode\" value=\"transparent\"><param name=\"salign\" value=\"LT\"><param name=\"menu\" value=\"false\"><param name=\"loop\" value=\"false\"><param name=\"quality\" value=\"best\"><param name=\"bgcolor\" value=\"#000000\"><param name=\"src\" value=\"http:\/\/siw.myshowit.com\/501797\/8307\/showit.swf\"><embed id=\"showit_swf\" type=\"application\/x-shockwave-flash\" width=\"750\" height=\"600\" src=\"http:\/\/siw.myshowit.com\/501797\/8307\/showit.swf\" bgcolor=\"#000000\" quality=\"best\" loop=\"false\" menu=\"false\" salign=\"LT\" wmode=\"transparent\" flashvars=\"showit_embed=http:\/\/siw.myshowit.com\/501797\/8307\/|750|600|0|1|0\" data=\"http:\/\/siw.myshowit.com\/501797\/8307\/showit.swf\"><\/object><\/p>\n","protected":false},"excerpt":{"rendered":"<p>C&rsquo;est sous un temps magnifique, que Victoire et Cyril se sont dit \u00ab\u00a0oui\u00a0\u00bb, une journ\u00e9e de joie et de bonheur,je vous laisse juger par vous m\u00eame ! voici un extrait de cette journ\u00e9e en diaporama et en musique ! Merci beaucoup aux Mari\u00e9s , a leurs familles et amis pour leur accueil si chaleureux &#8230;Je&hellip; <a class=\"more-link\" href=\"https:\/\/www.c.line-design.fr\/website\/i-lumine\/2009\/09\/03\/une-journee-tres-ensoleillee-ou-le-bonheur-rayonnait\/\">Poursuivre la lecture <span class=\"screen-reader-text\">Une journ\u00e9e tr\u00e8s ensoleill\u00e9e ou le bonheur rayonnait&#8230;<\/span><\/a><\/p>\n","protected":false},"author":2,"featured_media":4444,"comment_status":"open","ping_status":"open","sticky":false,"template":"","format":"standard","meta":{"footnotes":""},"categories":[5],"tags":[6,7,8],"class_list":["post-167","post","type-post","status-publish","format-standard","has-post-thumbnail","hentry","category-mariage","tag-photographe-37","tag-photographe-mariage-tours","tag-photographe-tours","entry"],"_links":{"self":[{"href":"https:\/\/www.c.line-design.fr\/website\/i-lumine\/wp-json\/wp\/v2\/posts\/167","targetHints":{"allow":["GET"]}}],"collection":[{"href":"https:\/\/www.c.line-design.fr\/website\/i-lumine\/wp-json\/wp\/v2\/posts"}],"about":[{"href":"https:\/\/www.c.line-design.fr\/website\/i-lumine\/wp-json\/wp\/v2\/types\/post"}],"author":[{"embeddable":true,"href":"https:\/\/www.c.line-design.fr\/website\/i-lumine\/wp-json\/wp\/v2\/users\/2"}],"replies":[{"embeddable":true,"href":"https:\/\/www.c.line-design.fr\/website\/i-lumine\/wp-json\/wp\/v2\/comments?post=167"}],"version-history":[{"count":1,"href":"https:\/\/www.c.line-design.fr\/website\/i-lumine\/wp-json\/wp\/v2\/posts\/167\/revisions"}],"predecessor-version":[{"id":4690,"href":"https:\/\/www.c.line-design.fr\/website\/i-lumine\/wp-json\/wp\/v2\/posts\/167\/revisions\/4690"}],"wp:featuredmedia":[{"embeddable":true,"href":"https:\/\/www.c.line-design.fr\/website\/i-lumine\/wp-json\/wp\/v2\/media\/4444"}],"wp:attachment":[{"href":"https:\/\/www.c.line-design.fr\/website\/i-lumine\/wp-json\/wp\/v2\/media?parent=167"}],"wp:term":[{"taxonomy":"category","embeddable":true,"href":"https:\/\/www.c.line-design.fr\/website\/i-lumine\/wp-json\/wp\/v2\/categories?post=167"},{"taxonomy":"post_tag","embeddable":true,"href":"https:\/\/www.c.line-design.fr\/website\/i-lumine\/wp-json\/wp\/v2\/tags?post=167"}],"curies":[{"name":"wp","href":"https:\/\/api.w.org\/{rel}","templated":true}]}}