{"id":171,"date":"2010-06-07T18:22:18","date_gmt":"2010-06-07T18:22:18","guid":{"rendered":"https:\/\/www.c.line-design.fr\/website\/i-lumine\/wordpress\/?p=171"},"modified":"2021-02-02T15:12:55","modified_gmt":"2021-02-02T14:12:55","slug":"benedicte-et-illyes","status":"publish","type":"post","link":"https:\/\/www.c.line-design.fr\/website\/i-lumine\/2010\/06\/07\/benedicte-et-illyes\/","title":{"rendered":"B\u00e9n\u00e9dicte et Ilyess"},"content":{"rendered":"<p>J&rsquo;ai tellement pass\u00e9 une superbe journ\u00e9e en compagnie de B\u00e9n\u00e9 et Ilyess , que je ne peux r\u00e9sister \u00e0 l&rsquo;envie de  partager avec vous quelques clich\u00e9s de leur union . C&rsquo;est avec grand stress que la saison d\u00e9bute ( bien que vous ne l&rsquo;ayez pas vu ), car c&rsquo;est une journ\u00e9e tellement importante et unique que la pression est a son comble , mais lorsque on est accueilli avec cette gentillesse et  cette simplicit\u00e9 comme si vous m&rsquo;aviez toujours connu,et qu&rsquo;on nous ouvre les porte de son intimit\u00e9 comme vous l&rsquo;avez fait , alors cette angoisse disparait pour laisser place aux \u00e9motions, que dire \u00e0 part un grand merci pour cette journ\u00e9e pr\u00e8s de vous, de m&rsquo;avoir accord\u00e9 votre confiance je vous souhaites un bonheur inconditionnel , une magnifique vie l&rsquo;un pr\u00e8s de l&rsquo;autre &#8230; A tr\u00e8s vite ces quelques photos vous feront patienter , le temps que je puisse de nouveau r\u00e9aliser des diaporamas<\/p>\n<p>Un cadre magnifique &#8230;<br \/>\n<img decoding=\"async\" src=\"\/blog_dotclear\/images\/IMG_3907 copie copie.jpg\" alt=\"\"><br \/>\nDes mari\u00e9s superbes &#8230; <img decoding=\"async\" src=\"\/blog_dotclear\/images\/IMG_2061 copie.jpg\" alt=\"\"><br \/>\n<img decoding=\"async\" src=\"\/blog_dotclear\/images\/IMG_2468 copie.jpg\" alt=\"\"><br \/>\n<img decoding=\"async\" src=\"\/blog_dotclear\/images\/IMG_2455 copie.jpg\" alt=\"\"><br \/>\n<img decoding=\"async\" src=\"\/blog_dotclear\/images\/IMG_2705 copie.jpg\" alt=\"\"><br \/>\n<img decoding=\"async\" src=\"\/blog_dotclear\/images\/IMG_2901 copie.jpg\" alt=\"\"><br \/>\n<img decoding=\"async\" src=\"\/blog_dotclear\/images\/IMG_2843 copie.jpg\" alt=\"\"><br \/>\n<img decoding=\"async\" src=\"\/blog_dotclear\/images\/IMG_2903 copie.jpg\" alt=\"\"><br \/>\n<img decoding=\"async\" src=\"\/blog_dotclear\/images\/IMG_3014 copie.jpg\" alt=\"\"><br \/>\n<img decoding=\"async\" src=\"\/blog_dotclear\/images\/IMG_3092 copie.jpg\" alt=\"\"><br \/>\n<img decoding=\"async\" src=\"\/blog_dotclear\/images\/IMG_3104 copie.jpg\" alt=\"\"><br \/>\n<img decoding=\"async\" src=\"\/blog_dotclear\/images\/IMG_3138 copie.jpg\" alt=\"\"><br \/>\n<img decoding=\"async\" src=\"\/blog_dotclear\/images\/IMG_3781-1 copie.jpg\" alt=\"\"><br \/>\n<img decoding=\"async\" src=\"\/blog_dotclear\/images\/IMG_3238-1 copie.jpg\" alt=\"\"><\/p>\n<p><img decoding=\"async\" src=\"\/blog_dotclear\/images\/IMG_3190-1 copie.jpg\" alt=\"\"><\/p>\n","protected":false},"excerpt":{"rendered":"<p>J&rsquo;ai tellement pass\u00e9 une superbe journ\u00e9e en compagnie de B\u00e9n\u00e9 et Ilyess , que je ne peux r\u00e9sister \u00e0 l&rsquo;envie de partager avec vous quelques clich\u00e9s de leur union . C&rsquo;est avec grand stress que la saison d\u00e9bute ( bien que vous ne l&rsquo;ayez pas vu ), car c&rsquo;est une journ\u00e9e tellement importante et unique&hellip; <a class=\"more-link\" href=\"https:\/\/www.c.line-design.fr\/website\/i-lumine\/2010\/06\/07\/benedicte-et-illyes\/\">Poursuivre la lecture <span class=\"screen-reader-text\">B\u00e9n\u00e9dicte et Ilyess<\/span><\/a><\/p>\n","protected":false},"author":2,"featured_media":4444,"comment_status":"open","ping_status":"open","sticky":false,"template":"","format":"standard","meta":{"footnotes":""},"categories":[5],"tags":[9,10,11,12,13,14,6,15,16,7,17,8],"class_list":["post-171","post","type-post","status-publish","format-standard","has-post-thumbnail","hentry","category-mariage","tag-amoureux","tag-bonheur","tag-famille-2","tag-i-lumine-photographie","tag-mariage-2","tag-mathilde-crouzet","tag-photographe-37","tag-photographe-indre-et-loire","tag-photographe-mariage-37","tag-photographe-mariage-tours","tag-photographe-st-avertin","tag-photographe-tours","entry"],"_links":{"self":[{"href":"https:\/\/www.c.line-design.fr\/website\/i-lumine\/wp-json\/wp\/v2\/posts\/171","targetHints":{"allow":["GET"]}}],"collection":[{"href":"https:\/\/www.c.line-design.fr\/website\/i-lumine\/wp-json\/wp\/v2\/posts"}],"about":[{"href":"https:\/\/www.c.line-design.fr\/website\/i-lumine\/wp-json\/wp\/v2\/types\/post"}],"author":[{"embeddable":true,"href":"https:\/\/www.c.line-design.fr\/website\/i-lumine\/wp-json\/wp\/v2\/users\/2"}],"replies":[{"embeddable":true,"href":"https:\/\/www.c.line-design.fr\/website\/i-lumine\/wp-json\/wp\/v2\/comments?post=171"}],"version-history":[{"count":1,"href":"https:\/\/www.c.line-design.fr\/website\/i-lumine\/wp-json\/wp\/v2\/posts\/171\/revisions"}],"predecessor-version":[{"id":4705,"href":"https:\/\/www.c.line-design.fr\/website\/i-lumine\/wp-json\/wp\/v2\/posts\/171\/revisions\/4705"}],"wp:featuredmedia":[{"embeddable":true,"href":"https:\/\/www.c.line-design.fr\/website\/i-lumine\/wp-json\/wp\/v2\/media\/4444"}],"wp:attachment":[{"href":"https:\/\/www.c.line-design.fr\/website\/i-lumine\/wp-json\/wp\/v2\/media?parent=171"}],"wp:term":[{"taxonomy":"category","embeddable":true,"href":"https:\/\/www.c.line-design.fr\/website\/i-lumine\/wp-json\/wp\/v2\/categories?post=171"},{"taxonomy":"post_tag","embeddable":true,"href":"https:\/\/www.c.line-design.fr\/website\/i-lumine\/wp-json\/wp\/v2\/tags?post=171"}],"curies":[{"name":"wp","href":"https:\/\/api.w.org\/{rel}","templated":true}]}}