{"id":205,"date":"2009-09-18T19:10:26","date_gmt":"2009-09-18T19:10:26","guid":{"rendered":"https:\/\/www.c.line-design.fr\/website\/i-lumine\/wordpress\/?p=205"},"modified":"2021-02-02T15:07:28","modified_gmt":"2021-02-02T14:07:28","slug":"caro-et-rachelle-2","status":"publish","type":"post","link":"https:\/\/www.c.line-design.fr\/website\/i-lumine\/2009\/09\/18\/caro-et-rachelle-2\/","title":{"rendered":"Caro et Rachel"},"content":{"rendered":"<p>Une s\u00e9ance que nous attendions avec impatience avec Caro ! Rachelou s&rsquo;est pr\u00eat\u00e9e au jeux , une petite fille parfaite, souriante , chipie et d\u00e9j\u00e0 bien d\u00e9gourdie !!!<br \/>\non a commenc\u00e9 par une petite s\u00e9ance de studio et profit\u00e9 de cette \u00e9claircie pour d\u00e9couvrir ce magnifique parterre de Cyclamen tout simplement magique &#8230; je vous laisse d\u00e9couvrir ! des gros bisous ma Caro \ud83d\ude42<\/p>\n<p><img decoding=\"async\" src=\"\/blog_dotclear\/images\/IMG_0635copie2.jpg\" alt=\"\"><br \/>\n<img decoding=\"async\" src=\"\/blog_dotclear\/images\/IMG_0594copienb blog.jpg\" alt=\"\"><\/p>\n<p><img decoding=\"async\" src=\"\/blog_dotclear\/images\/IMG_0170nbblog.jpg\" alt=\"\"><br \/>\n<object type=\"application\/x-shockwave-flash\" width=\"750\" height=\"600\" id=\"showit_swf\" data=\"http:\/\/siw.myshowit.com\/501797\/8832\/showit.swf\"><param name=\"movie\" value=\"http:\/\/siw.myshowit.com\/501797\/8832\/showit.swf\"><param name=\"flashvars\" value=\"showit_embed=http:\/\/siw.myshowit.com\/501797\/8832\/|750|600|0|1|0\"><param name=\"wmode\" value=\"transparent\"><param name=\"salign\" value=\"LT\"><param name=\"menu\" value=\"false\"><param name=\"loop\" value=\"false\"><param name=\"quality\" value=\"best\"><param name=\"bgcolor\" value=\"#000000\"><\/object><\/p>\n","protected":false},"excerpt":{"rendered":"<p>Une s\u00e9ance que nous attendions avec impatience avec Caro ! Rachelou s&rsquo;est pr\u00eat\u00e9e au jeux , une petite fille parfaite, souriante , chipie et d\u00e9j\u00e0 bien d\u00e9gourdie !!! on a commenc\u00e9 par une petite s\u00e9ance de studio et profit\u00e9 de cette \u00e9claircie pour d\u00e9couvrir ce magnifique parterre de Cyclamen tout simplement magique &#8230; je vous&hellip; <a class=\"more-link\" href=\"https:\/\/www.c.line-design.fr\/website\/i-lumine\/2009\/09\/18\/caro-et-rachelle-2\/\">Poursuivre la lecture <span class=\"screen-reader-text\">Caro et Rachel<\/span><\/a><\/p>\n","protected":false},"author":2,"featured_media":4444,"comment_status":"open","ping_status":"open","sticky":false,"template":"","format":"standard","meta":{"footnotes":""},"categories":[36],"tags":[],"class_list":["post-205","post","type-post","status-publish","format-standard","has-post-thumbnail","hentry","category-enfants","entry"],"_links":{"self":[{"href":"https:\/\/www.c.line-design.fr\/website\/i-lumine\/wp-json\/wp\/v2\/posts\/205","targetHints":{"allow":["GET"]}}],"collection":[{"href":"https:\/\/www.c.line-design.fr\/website\/i-lumine\/wp-json\/wp\/v2\/posts"}],"about":[{"href":"https:\/\/www.c.line-design.fr\/website\/i-lumine\/wp-json\/wp\/v2\/types\/post"}],"author":[{"embeddable":true,"href":"https:\/\/www.c.line-design.fr\/website\/i-lumine\/wp-json\/wp\/v2\/users\/2"}],"replies":[{"embeddable":true,"href":"https:\/\/www.c.line-design.fr\/website\/i-lumine\/wp-json\/wp\/v2\/comments?post=205"}],"version-history":[{"count":1,"href":"https:\/\/www.c.line-design.fr\/website\/i-lumine\/wp-json\/wp\/v2\/posts\/205\/revisions"}],"predecessor-version":[{"id":4688,"href":"https:\/\/www.c.line-design.fr\/website\/i-lumine\/wp-json\/wp\/v2\/posts\/205\/revisions\/4688"}],"wp:featuredmedia":[{"embeddable":true,"href":"https:\/\/www.c.line-design.fr\/website\/i-lumine\/wp-json\/wp\/v2\/media\/4444"}],"wp:attachment":[{"href":"https:\/\/www.c.line-design.fr\/website\/i-lumine\/wp-json\/wp\/v2\/media?parent=205"}],"wp:term":[{"taxonomy":"category","embeddable":true,"href":"https:\/\/www.c.line-design.fr\/website\/i-lumine\/wp-json\/wp\/v2\/categories?post=205"},{"taxonomy":"post_tag","embeddable":true,"href":"https:\/\/www.c.line-design.fr\/website\/i-lumine\/wp-json\/wp\/v2\/tags?post=205"}],"curies":[{"name":"wp","href":"https:\/\/api.w.org\/{rel}","templated":true}]}}