{"id":206,"date":"2010-06-16T23:04:19","date_gmt":"2010-06-16T23:04:19","guid":{"rendered":"https:\/\/www.c.line-design.fr\/website\/i-lumine\/wordpress\/?p=206"},"modified":"2021-02-02T15:12:42","modified_gmt":"2021-02-02T14:12:42","slug":"petit-louis-a-croquer-et-sa-maman-2","status":"publish","type":"post","link":"https:\/\/www.c.line-design.fr\/website\/i-lumine\/2010\/06\/16\/petit-louis-a-croquer-et-sa-maman-2\/","title":{"rendered":"Petit Louis a croquer et sa maman !"},"content":{"rendered":"<p>J&rsquo;ai rencontr\u00e9 Julie Anne qui attendait un heureux \u00e9v\u00e8nement pour mi juin , elle voulait donc immortaliser sa grossesse et profiter de cette s\u00e9ance pour faire des portraits de son petit gar\u00e7on Louis , mon gros coup de coeur , un petit bonhomme rempli de charme , de joie de vivre , epanou\u00ef a souhait !! j&rsquo;ai ador\u00e9 jouer et me promener avec vous deux , et c&rsquo;est avec grand plaisir que nous nous sommes revues au mariage de sa meilleure amie, c&rsquo;est \u00e7a qui est g\u00e9niale dans ce m\u00e9tier le lien et la complicit\u00e9 qui se cr\u00e9e au fil des s\u00e9ance ! et j&rsquo;ai vraiment hate de vous revoir tr\u00e8s bient\u00f4t quand votre petite princesse aura point\u00e9 le bout de son nez \ud83d\ude42  , Julie Anne un tr\u00e8s grand merci \u00e0 toi pour tes encouragements et ta \u00ab\u00a0fan attitude\u00a0\u00bb \ud83d\ude09 A tr\u00e8s vite !<\/p>\n<p><img decoding=\"async\" src=\"\/blog_dotclear\/images\/IMG_1455.jpg\" alt=\"\"><br \/>\n<img decoding=\"async\" src=\"\/blog_dotclear\/images\/IMG_1155.jpg\" alt=\"\"><br \/>\n<img decoding=\"async\" src=\"\/blog_dotclear\/images\/IMG_1347.jpg\" alt=\"\"><br \/>\n<img decoding=\"async\" src=\"\/blog_dotclear\/images\/IMG_1388.jpg\" alt=\"\"><br \/>\n<img decoding=\"async\" src=\"\/blog_dotclear\/images\/IMG_1546.jpg\" alt=\"\"><br \/>\n<img decoding=\"async\" src=\"\/blog_dotclear\/images\/IMG_1478.jpg\" alt=\"\"><br \/>\n<img decoding=\"async\" src=\"\/blog_dotclear\/images\/IMG_1390.jpg\" alt=\"\"><br \/>\n<img decoding=\"async\" src=\"\/blog_dotclear\/images\/IMG_1456.jpg\" alt=\"\"><\/p>\n","protected":false},"excerpt":{"rendered":"<p>J&rsquo;ai rencontr\u00e9 Julie Anne qui attendait un heureux \u00e9v\u00e8nement pour mi juin , elle voulait donc immortaliser sa grossesse et profiter de cette s\u00e9ance pour faire des portraits de son petit gar\u00e7on Louis , mon gros coup de coeur , un petit bonhomme rempli de charme , de joie de vivre , epanou\u00ef a souhait&hellip; <a class=\"more-link\" href=\"https:\/\/www.c.line-design.fr\/website\/i-lumine\/2010\/06\/16\/petit-louis-a-croquer-et-sa-maman-2\/\">Poursuivre la lecture <span class=\"screen-reader-text\">Petit Louis a croquer et sa maman !<\/span><\/a><\/p>\n","protected":false},"author":2,"featured_media":4444,"comment_status":"open","ping_status":"open","sticky":false,"template":"","format":"standard","meta":{"footnotes":""},"categories":[36],"tags":[],"class_list":["post-206","post","type-post","status-publish","format-standard","has-post-thumbnail","hentry","category-enfants","entry"],"_links":{"self":[{"href":"https:\/\/www.c.line-design.fr\/website\/i-lumine\/wp-json\/wp\/v2\/posts\/206","targetHints":{"allow":["GET"]}}],"collection":[{"href":"https:\/\/www.c.line-design.fr\/website\/i-lumine\/wp-json\/wp\/v2\/posts"}],"about":[{"href":"https:\/\/www.c.line-design.fr\/website\/i-lumine\/wp-json\/wp\/v2\/types\/post"}],"author":[{"embeddable":true,"href":"https:\/\/www.c.line-design.fr\/website\/i-lumine\/wp-json\/wp\/v2\/users\/2"}],"replies":[{"embeddable":true,"href":"https:\/\/www.c.line-design.fr\/website\/i-lumine\/wp-json\/wp\/v2\/comments?post=206"}],"version-history":[{"count":1,"href":"https:\/\/www.c.line-design.fr\/website\/i-lumine\/wp-json\/wp\/v2\/posts\/206\/revisions"}],"predecessor-version":[{"id":4703,"href":"https:\/\/www.c.line-design.fr\/website\/i-lumine\/wp-json\/wp\/v2\/posts\/206\/revisions\/4703"}],"wp:featuredmedia":[{"embeddable":true,"href":"https:\/\/www.c.line-design.fr\/website\/i-lumine\/wp-json\/wp\/v2\/media\/4444"}],"wp:attachment":[{"href":"https:\/\/www.c.line-design.fr\/website\/i-lumine\/wp-json\/wp\/v2\/media?parent=206"}],"wp:term":[{"taxonomy":"category","embeddable":true,"href":"https:\/\/www.c.line-design.fr\/website\/i-lumine\/wp-json\/wp\/v2\/categories?post=206"},{"taxonomy":"post_tag","embeddable":true,"href":"https:\/\/www.c.line-design.fr\/website\/i-lumine\/wp-json\/wp\/v2\/tags?post=206"}],"curies":[{"name":"wp","href":"https:\/\/api.w.org\/{rel}","templated":true}]}}