{"id":207,"date":"2010-06-29T22:28:19","date_gmt":"2010-06-29T22:28:19","guid":{"rendered":"https:\/\/www.c.line-design.fr\/website\/i-lumine\/wordpress\/?p=207"},"modified":"2021-02-02T15:12:28","modified_gmt":"2021-02-02T14:12:28","slug":"les-1-ans-d-emma-2","status":"publish","type":"post","link":"https:\/\/www.c.line-design.fr\/website\/i-lumine\/2010\/06\/29\/les-1-ans-d-emma-2\/","title":{"rendered":"Les 1 ans d&rsquo;Emma"},"content":{"rendered":"<p>voici ma petite chipie qui a bien grandit 1 an d\u00e9j\u00e0 : visage habitu\u00e9 d&rsquo;i-lumine , ma petite Emma que  je suis depuis ces premiers jours,  mon petit rayon de soleil et mon inspiration , pour l&rsquo;occasion un gouter entre filles au bord de l&rsquo;eau , gourmandise , bonne humeur et photos au programme , un tr\u00e8s bon aprem pour r\u00e9sum\u00e9  ! et  sous le soleil ! Merci mes bichettes \ud83d\ude42 des ros bisous En attendant le retour des diaporamas , voici un aper\u00e7u ! A bientot !<br \/>\n<img decoding=\"async\" src=\"\/blog_dotclear\/images\/IMG_6163site.jpg\" alt=\"\"><br \/>\n<img decoding=\"async\" src=\"\/blog_dotclear\/images\/IMG_5644.jpg\" alt=\"\"><br \/>\n<img decoding=\"async\" src=\"\/blog_dotclear\/images\/IMG_5659.jpg\" alt=\"\"><br \/>\n<img decoding=\"async\" src=\"\/blog_dotclear\/images\/IMG_5697.jpg\" alt=\"\"><br \/>\n<img decoding=\"async\" src=\"\/blog_dotclear\/images\/IMG_5738.jpg\" alt=\"\"><br \/>\n<img decoding=\"async\" src=\"\/blog_dotclear\/images\/IMG_5722.jpg\" alt=\"\"><br \/>\n<img decoding=\"async\" src=\"\/blog_dotclear\/images\/IMG_5756.jpg\" alt=\"\"><br \/>\n<img decoding=\"async\" src=\"\/blog_dotclear\/images\/IMG_5788.jpg\" alt=\"\"><br \/>\n<img decoding=\"async\" src=\"\/blog_dotclear\/images\/IMG_5815.jpg\" alt=\"\"><br \/>\n<img decoding=\"async\" src=\"\/blog_dotclear\/images\/IMG_5829.jpg\" alt=\"\"><br \/>\n<img decoding=\"async\" src=\"\/blog_dotclear\/images\/IMG_5819.jpg\" alt=\"\"><br \/>\n<img decoding=\"async\" src=\"\/blog_dotclear\/images\/IMG_5860.jpg\" alt=\"\"><br \/>\n<img decoding=\"async\" src=\"\/blog_dotclear\/images\/IMG_5914.jpg\" alt=\"\"><br \/>\n<img decoding=\"async\" src=\"\/blog_dotclear\/images\/IMG_5865.jpg\" alt=\"\"><br \/>\n<img decoding=\"async\" src=\"\/blog_dotclear\/images\/IMG_5961.jpg\" alt=\"\"><br \/>\n<img decoding=\"async\" src=\"\/blog_dotclear\/images\/IMG_6007.jpg\" alt=\"\"><br \/>\n<img decoding=\"async\" src=\"\/blog_dotclear\/images\/IMG_6029.jpg\" alt=\"\"><br \/>\n<img decoding=\"async\" src=\"\/blog_dotclear\/images\/IMG_6054.jpg\" alt=\"\"><br \/>\n<img decoding=\"async\" src=\"\/blog_dotclear\/images\/IMG_6158.jpg\" alt=\"\"><br \/>\n<img decoding=\"async\" src=\"\/blog_dotclear\/images\/IMG_6112.jpg\" alt=\"\"><br \/>\n<img decoding=\"async\" src=\"\/blog_dotclear\/images\/IMG_6154.jpg\" alt=\"\"><br \/>\n<img decoding=\"async\" src=\"\/blog_dotclear\/images\/IMG_6011.jpg\" alt=\"\"><br \/>\n<img decoding=\"async\" src=\"\/blog_dotclear\/images\/IMG_6143.jpg\" alt=\"\"><br \/>\n<img decoding=\"async\" src=\"\/blog_dotclear\/images\/IMG_6038.jpg\" alt=\"\"><br \/>\n<img decoding=\"async\" src=\"\/blog_dotclear\/images\/IMG_5776.jpg\" alt=\"\"><br \/>\n<img decoding=\"async\" src=\"\/blog_dotclear\/images\/IMG_5831.jpg\" alt=\"\"><br \/>\n<img decoding=\"async\" src=\"\/blog_dotclear\/images\/IMG_5980.jpg\" alt=\"\"><\/p>\n","protected":false},"excerpt":{"rendered":"<p>voici ma petite chipie qui a bien grandit 1 an d\u00e9j\u00e0 : visage habitu\u00e9 d&rsquo;i-lumine , ma petite Emma que je suis depuis ces premiers jours, mon petit rayon de soleil et mon inspiration , pour l&rsquo;occasion un gouter entre filles au bord de l&rsquo;eau , gourmandise , bonne humeur et photos au programme ,&hellip; <a class=\"more-link\" href=\"https:\/\/www.c.line-design.fr\/website\/i-lumine\/2010\/06\/29\/les-1-ans-d-emma-2\/\">Poursuivre la lecture <span class=\"screen-reader-text\">Les 1 ans d&rsquo;Emma<\/span><\/a><\/p>\n","protected":false},"author":2,"featured_media":4444,"comment_status":"open","ping_status":"open","sticky":false,"template":"","format":"standard","meta":{"footnotes":""},"categories":[36],"tags":[],"class_list":["post-207","post","type-post","status-publish","format-standard","has-post-thumbnail","hentry","category-enfants","entry"],"_links":{"self":[{"href":"https:\/\/www.c.line-design.fr\/website\/i-lumine\/wp-json\/wp\/v2\/posts\/207","targetHints":{"allow":["GET"]}}],"collection":[{"href":"https:\/\/www.c.line-design.fr\/website\/i-lumine\/wp-json\/wp\/v2\/posts"}],"about":[{"href":"https:\/\/www.c.line-design.fr\/website\/i-lumine\/wp-json\/wp\/v2\/types\/post"}],"author":[{"embeddable":true,"href":"https:\/\/www.c.line-design.fr\/website\/i-lumine\/wp-json\/wp\/v2\/users\/2"}],"replies":[{"embeddable":true,"href":"https:\/\/www.c.line-design.fr\/website\/i-lumine\/wp-json\/wp\/v2\/comments?post=207"}],"version-history":[{"count":1,"href":"https:\/\/www.c.line-design.fr\/website\/i-lumine\/wp-json\/wp\/v2\/posts\/207\/revisions"}],"predecessor-version":[{"id":4701,"href":"https:\/\/www.c.line-design.fr\/website\/i-lumine\/wp-json\/wp\/v2\/posts\/207\/revisions\/4701"}],"wp:featuredmedia":[{"embeddable":true,"href":"https:\/\/www.c.line-design.fr\/website\/i-lumine\/wp-json\/wp\/v2\/media\/4444"}],"wp:attachment":[{"href":"https:\/\/www.c.line-design.fr\/website\/i-lumine\/wp-json\/wp\/v2\/media?parent=207"}],"wp:term":[{"taxonomy":"category","embeddable":true,"href":"https:\/\/www.c.line-design.fr\/website\/i-lumine\/wp-json\/wp\/v2\/categories?post=207"},{"taxonomy":"post_tag","embeddable":true,"href":"https:\/\/www.c.line-design.fr\/website\/i-lumine\/wp-json\/wp\/v2\/tags?post=207"}],"curies":[{"name":"wp","href":"https:\/\/api.w.org\/{rel}","templated":true}]}}