{"id":209,"date":"2009-12-09T21:58:35","date_gmt":"2009-12-09T21:58:35","guid":{"rendered":"https:\/\/www.c.line-design.fr\/website\/i-lumine\/wordpress\/?p=209"},"modified":"2021-02-02T15:10:06","modified_gmt":"2021-02-02T14:10:06","slug":"premiere-seance-avec-le-5d-2","status":"publish","type":"post","link":"https:\/\/www.c.line-design.fr\/website\/i-lumine\/2009\/12\/09\/premiere-seance-avec-le-5d-2\/","title":{"rendered":"premiere s\u00e9ance avec le 5D II mark :)"},"content":{"rendered":"<p>c&rsquo;est avec grand plaisir que nous avons fait avec mes mod\u00e8les f\u00e9tiches \ud83d\ude09 , les premiers essais du 5  II mark accompagn\u00e9 du 85 mm \u00e0 1.2 ! le bonheur , le changement , s\u00e9ance de nuit sous les lumi\u00e8re de no\u00c3\u00abl et dans un parking sous terrain !!, pour cette premi\u00e8re un changement de style !<br \/>\n<img decoding=\"async\" src=\"\/blog_dotclear\/images\/em14.jpg\" alt=\"\"><br \/>\n<img decoding=\"async\" src=\"\/blog_dotclear\/images\/em2.jpg\" alt=\"\"><br \/>\n<img decoding=\"async\" src=\"\/blog_dotclear\/images\/em7.jpg\" alt=\"\"> <img decoding=\"async\" src=\"\/blog_dotclear\/images\/em8.jpg\" alt=\"\"><br \/>\n<img decoding=\"async\" src=\"\/blog_dotclear\/images\/em4.jpg\" alt=\"\"><br \/>\n<img decoding=\"async\" src=\"\/blog_dotclear\/images\/em5.jpg\" alt=\"\"><br \/>\n<img decoding=\"async\" src=\"\/blog_dotclear\/images\/em3.jpg\" alt=\"\"><br \/>\n<img decoding=\"async\" src=\"\/blog_dotclear\/images\/em.jpg\" alt=\"\"><br \/>\n<img decoding=\"async\" src=\"\/blog_dotclear\/images\/em10.jpg\" alt=\"\"><br \/>\n<img decoding=\"async\" src=\"\/blog_dotclear\/images\/em11.jpg\" alt=\"\"><br \/>\n<img decoding=\"async\" src=\"\/blog_dotclear\/images\/em12.jpg\" alt=\"\"><br \/>\n<img decoding=\"async\" src=\"\/blog_dotclear\/images\/em9.jpg\" alt=\"\"><br \/>\n<img decoding=\"async\" src=\"\/blog_dotclear\/images\/em13.jpg\" alt=\"\"><\/p>\n","protected":false},"excerpt":{"rendered":"<p>c&rsquo;est avec grand plaisir que nous avons fait avec mes mod\u00e8les f\u00e9tiches \ud83d\ude09 , les premiers essais du 5 II mark accompagn\u00e9 du 85 mm \u00e0 1.2 ! le bonheur , le changement , s\u00e9ance de nuit sous les lumi\u00e8re de no\u00c3\u00abl et dans un parking sous terrain !!, pour cette premi\u00e8re un changement de&hellip; <a class=\"more-link\" href=\"https:\/\/www.c.line-design.fr\/website\/i-lumine\/2009\/12\/09\/premiere-seance-avec-le-5d-2\/\">Poursuivre la lecture <span class=\"screen-reader-text\">premiere s\u00e9ance avec le 5D II mark \ud83d\ude42<\/span><\/a><\/p>\n","protected":false},"author":2,"featured_media":4444,"comment_status":"open","ping_status":"open","sticky":false,"template":"","format":"standard","meta":{"footnotes":""},"categories":[18],"tags":[],"class_list":["post-209","post","type-post","status-publish","format-standard","has-post-thumbnail","hentry","category-bebes","entry"],"_links":{"self":[{"href":"https:\/\/www.c.line-design.fr\/website\/i-lumine\/wp-json\/wp\/v2\/posts\/209","targetHints":{"allow":["GET"]}}],"collection":[{"href":"https:\/\/www.c.line-design.fr\/website\/i-lumine\/wp-json\/wp\/v2\/posts"}],"about":[{"href":"https:\/\/www.c.line-design.fr\/website\/i-lumine\/wp-json\/wp\/v2\/types\/post"}],"author":[{"embeddable":true,"href":"https:\/\/www.c.line-design.fr\/website\/i-lumine\/wp-json\/wp\/v2\/users\/2"}],"replies":[{"embeddable":true,"href":"https:\/\/www.c.line-design.fr\/website\/i-lumine\/wp-json\/wp\/v2\/comments?post=209"}],"version-history":[{"count":1,"href":"https:\/\/www.c.line-design.fr\/website\/i-lumine\/wp-json\/wp\/v2\/posts\/209\/revisions"}],"predecessor-version":[{"id":4694,"href":"https:\/\/www.c.line-design.fr\/website\/i-lumine\/wp-json\/wp\/v2\/posts\/209\/revisions\/4694"}],"wp:featuredmedia":[{"embeddable":true,"href":"https:\/\/www.c.line-design.fr\/website\/i-lumine\/wp-json\/wp\/v2\/media\/4444"}],"wp:attachment":[{"href":"https:\/\/www.c.line-design.fr\/website\/i-lumine\/wp-json\/wp\/v2\/media?parent=209"}],"wp:term":[{"taxonomy":"category","embeddable":true,"href":"https:\/\/www.c.line-design.fr\/website\/i-lumine\/wp-json\/wp\/v2\/categories?post=209"},{"taxonomy":"post_tag","embeddable":true,"href":"https:\/\/www.c.line-design.fr\/website\/i-lumine\/wp-json\/wp\/v2\/tags?post=209"}],"curies":[{"name":"wp","href":"https:\/\/api.w.org\/{rel}","templated":true}]}}