{"id":212,"date":"2010-07-01T15:59:11","date_gmt":"2010-07-01T15:59:11","guid":{"rendered":"https:\/\/www.c.line-design.fr\/website\/i-lumine\/wordpress\/?p=212"},"modified":"2021-02-02T15:14:17","modified_gmt":"2021-02-02T14:14:17","slug":"blanche-co-2","status":"publish","type":"post","link":"https:\/\/www.c.line-design.fr\/website\/i-lumine\/2010\/07\/01\/blanche-co-2\/","title":{"rendered":"Blanche &#038; Co"},"content":{"rendered":"<p>Il &lsquo; y a une semaine Julie Anne donnait naissance \u00e0 une magnifique petite Blanche , apr\u00e8s avoir photographi\u00e9 son grand Fr\u00e8re et sa maman enceinte , c&rsquo;est avec un tr\u00e8s grand plaisir que je suis venue rencontrer cette nouvelle petite merveille, douce et tellement jolie &#8230; je l&rsquo;ai tellement contempl\u00e9 que nous n&rsquo;avons pas vu le temps pass\u00e9 , et trois heure apr\u00e8s nous finissions autour d&rsquo;un bon repas conviviale , je vous remercie sinc\u00e8rement pour votre gentillesse et de m&rsquo;avoir ouvert les portes de votre famille&#8230;<br \/>\nC&rsquo;est l&rsquo;occasion de dire qu&rsquo;une s\u00e9ance , ce n&rsquo;est pas simplement des photos , mais c&rsquo;est avant tout, une  rencontre , des \u00e9changes , des partages , et lorsque une complicit\u00e9 se cr\u00e9e l\u00e0 \u00e7a devient g\u00e9nial , les relations conventionnelles client\/photographe laissent place aux souvenirs , les souvenirs que vous garderez de notre rencontre , des emotions que vous ressentirez en visionnant et revisionnant cette s\u00e9ance , cette s\u00e9ance pendant laquelle nous aurons pris le temps de faire connaissance&#8230;<br \/>\nJe f\u00e9licite encore toute la petite Famille et souhaite \u00e0 la petite Blanche une magnifique vie remplie de bonheur&#8230; <object type=\"application\/x-shockwave-flash\" width=\"750\" height=\"600\" id=\"showit_swf\" data=\"http:\/\/siw.myshowit.com\/501797\/19956\/showit.swf\"><param name=\"movie\" value=\"http:\/\/siw.myshowit.com\/501797\/19956\/showit.swf\"><param name=\"flashvars\" value=\"showit_embed=http:\/\/siw.myshowit.com\/501797\/19956\/|750|600|0|1|0\"><param name=\"wmode\" value=\"transparent\"><param name=\"salign\" value=\"LT\"><param name=\"menu\" value=\"false\"><param name=\"loop\" value=\"false\"><param name=\"quality\" value=\"best\"><param name=\"bgcolor\" value=\"#000000\"><\/object><\/p>\n<p><img decoding=\"async\" src=\"\/blog_dotclear\/images\/img_6377.jpg\" alt=\"\"><\/p>\n","protected":false},"excerpt":{"rendered":"<p>Il &lsquo; y a une semaine Julie Anne donnait naissance \u00e0 une magnifique petite Blanche , apr\u00e8s avoir photographi\u00e9 son grand Fr\u00e8re et sa maman enceinte , c&rsquo;est avec un tr\u00e8s grand plaisir que je suis venue rencontrer cette nouvelle petite merveille, douce et tellement jolie &#8230; je l&rsquo;ai tellement contempl\u00e9 que nous n&rsquo;avons pas&hellip; <a class=\"more-link\" href=\"https:\/\/www.c.line-design.fr\/website\/i-lumine\/2010\/07\/01\/blanche-co-2\/\">Poursuivre la lecture <span class=\"screen-reader-text\">Blanche &#038; Co<\/span><\/a><\/p>\n","protected":false},"author":2,"featured_media":4444,"comment_status":"open","ping_status":"open","sticky":false,"template":"","format":"standard","meta":{"footnotes":""},"categories":[18],"tags":[10,11,50,12,31,13,51,14,20,52,53,6,49,33,22,7,23,24,25,26,27,41,28],"class_list":["post-212","post","type-post","status-publish","format-standard","has-post-thumbnail","hentry","category-bebes","tag-bonheur","tag-famille-2","tag-grossesse","tag-i-lumine-photographie","tag-lifestyle","tag-mariage-2","tag-mariage-37","tag-mathilde-crouzet","tag-mathilde-crouzet-photographe-37","tag-nouveau-ne","tag-photo-bebe","tag-photographe-37","tag-photographe-bebe","tag-photographe-couple-tours","tag-photographe-lifestyle-tours","tag-photographe-mariage-tours","tag-photographe-maternite","tag-photographe-maternite-tours","tag-photographe-naissance","tag-portrait","tag-seance-couple","tag-seance-engagement","tag-seance-famille","entry"],"_links":{"self":[{"href":"https:\/\/www.c.line-design.fr\/website\/i-lumine\/wp-json\/wp\/v2\/posts\/212","targetHints":{"allow":["GET"]}}],"collection":[{"href":"https:\/\/www.c.line-design.fr\/website\/i-lumine\/wp-json\/wp\/v2\/posts"}],"about":[{"href":"https:\/\/www.c.line-design.fr\/website\/i-lumine\/wp-json\/wp\/v2\/types\/post"}],"author":[{"embeddable":true,"href":"https:\/\/www.c.line-design.fr\/website\/i-lumine\/wp-json\/wp\/v2\/users\/2"}],"replies":[{"embeddable":true,"href":"https:\/\/www.c.line-design.fr\/website\/i-lumine\/wp-json\/wp\/v2\/comments?post=212"}],"version-history":[{"count":1,"href":"https:\/\/www.c.line-design.fr\/website\/i-lumine\/wp-json\/wp\/v2\/posts\/212\/revisions"}],"predecessor-version":[{"id":4708,"href":"https:\/\/www.c.line-design.fr\/website\/i-lumine\/wp-json\/wp\/v2\/posts\/212\/revisions\/4708"}],"wp:featuredmedia":[{"embeddable":true,"href":"https:\/\/www.c.line-design.fr\/website\/i-lumine\/wp-json\/wp\/v2\/media\/4444"}],"wp:attachment":[{"href":"https:\/\/www.c.line-design.fr\/website\/i-lumine\/wp-json\/wp\/v2\/media?parent=212"}],"wp:term":[{"taxonomy":"category","embeddable":true,"href":"https:\/\/www.c.line-design.fr\/website\/i-lumine\/wp-json\/wp\/v2\/categories?post=212"},{"taxonomy":"post_tag","embeddable":true,"href":"https:\/\/www.c.line-design.fr\/website\/i-lumine\/wp-json\/wp\/v2\/tags?post=212"}],"curies":[{"name":"wp","href":"https:\/\/api.w.org\/{rel}","templated":true}]}}