{"id":218,"date":"2010-06-16T23:54:01","date_gmt":"2010-06-16T23:54:01","guid":{"rendered":"https:\/\/www.c.line-design.fr\/website\/i-lumine\/wordpress\/?p=218"},"modified":"2021-02-02T15:12:35","modified_gmt":"2021-02-02T14:12:35","slug":"promenade-en-famille-2","status":"publish","type":"post","link":"https:\/\/www.c.line-design.fr\/website\/i-lumine\/2010\/06\/16\/promenade-en-famille-2\/","title":{"rendered":"promenade en Famille"},"content":{"rendered":"<p>Un dimanche matin d\u00e9tente ! apr\u00e8s plusieurs tentatives de rendez vous au bon vouloir du mr meteo , voil\u00e0 enfin la s\u00e9ance tant attendu part la maman de Lou sous le soleil et la bonne humeur ! en tous cas je te f\u00e9licite C\u00e9line d&rsquo;avoir tout pr\u00e9vu , des accessoires au tenues  &#8230; tout y \u00e9tait , ombrelle , bulles , robes, jeux, livres &#8230; \u00e7a m&rsquo;a fait \u00e9normement plaisir de voir \u00e0 quel point vous vous \u00eates investis dans votre s\u00e9ance , bon pas de surprise pour vous car en vous mettant l&rsquo;eau \u00e0 la bouche l&rsquo;impatience vous a gagn\u00e9 et vous avez d\u00e9j\u00e0 vu la s\u00e9ance compl\u00e8te  \ud83d\ude09 un adorable moment aupr\u00e8s de vous et de votre petite Lou qui du haut de ses 2 ans nous aura bien fait rire ! une palette d&rsquo;expression \u00e0 elle toute seule  ! A Bient\u00f4t enfin 2012 \ud83d\ude09<br \/>\n<img decoding=\"async\" src=\"\/blog_dotclear\/images\/Sans titre-1.jpg\" alt=\"\"><br \/>\n<img decoding=\"async\" src=\"\/blog_dotclear\/images\/IMG_4654copie.jpg\" alt=\"\"><br \/>\n<img decoding=\"async\" src=\"\/blog_dotclear\/images\/IMG_4703.jpg\" alt=\"\"><br \/>\n<img decoding=\"async\" src=\"\/blog_dotclear\/images\/IMG_4779.jpg\" alt=\"\"><br \/>\n<img decoding=\"async\" src=\"\/blog_dotclear\/images\/IMG_4872.jpg\" alt=\"\"><br \/>\n<img decoding=\"async\" src=\"\/blog_dotclear\/images\/IMG_4883.jpg\" alt=\"\"><br \/>\n<img decoding=\"async\" src=\"\/blog_dotclear\/images\/IMG_4940.jpg\" alt=\"\"><br \/>\n<img decoding=\"async\" src=\"\/blog_dotclear\/images\/IMG_4922.jpg\" alt=\"\"><br \/>\n<img decoding=\"async\" src=\"\/blog_dotclear\/images\/IMG_4963.jpg\" alt=\"\"><br \/>\n<img decoding=\"async\" src=\"\/blog_dotclear\/images\/IMG_5044.jpg\" alt=\"\"><br \/>\n<img decoding=\"async\" src=\"\/blog_dotclear\/images\/IMG_5111.jpg\" alt=\"\"><br \/>\n<img decoding=\"async\" src=\"\/blog_dotclear\/images\/IMG_5194.jpg\" alt=\"\"><br \/>\n<img decoding=\"async\" src=\"\/blog_dotclear\/images\/IMG_5224.jpg\" alt=\"\"><br \/>\n<img decoding=\"async\" src=\"\/blog_dotclear\/images\/IMG_5258.jpg\" alt=\"\"><br \/>\n<img decoding=\"async\" src=\"\/blog_dotclear\/images\/IMG_5463.jpg\" alt=\"\"><br \/>\n<img decoding=\"async\" src=\"\/blog_dotclear\/images\/IMG_4752.jpg\" alt=\"\"><br \/>\n<img decoding=\"async\" src=\"\/blog_dotclear\/images\/IMG_5619.jpg\" alt=\"\"><\/p>\n","protected":false},"excerpt":{"rendered":"<p>Un dimanche matin d\u00e9tente ! apr\u00e8s plusieurs tentatives de rendez vous au bon vouloir du mr meteo , voil\u00e0 enfin la s\u00e9ance tant attendu part la maman de Lou sous le soleil et la bonne humeur ! en tous cas je te f\u00e9licite C\u00e9line d&rsquo;avoir tout pr\u00e9vu , des accessoires au tenues &#8230; tout y&hellip; <a class=\"more-link\" href=\"https:\/\/www.c.line-design.fr\/website\/i-lumine\/2010\/06\/16\/promenade-en-famille-2\/\">Poursuivre la lecture <span class=\"screen-reader-text\">promenade en Famille<\/span><\/a><\/p>\n","protected":false},"author":2,"featured_media":4444,"comment_status":"open","ping_status":"open","sticky":false,"template":"","format":"standard","meta":{"footnotes":""},"categories":[47],"tags":[],"class_list":["post-218","post","type-post","status-publish","format-standard","has-post-thumbnail","hentry","category-famille","entry"],"_links":{"self":[{"href":"https:\/\/www.c.line-design.fr\/website\/i-lumine\/wp-json\/wp\/v2\/posts\/218","targetHints":{"allow":["GET"]}}],"collection":[{"href":"https:\/\/www.c.line-design.fr\/website\/i-lumine\/wp-json\/wp\/v2\/posts"}],"about":[{"href":"https:\/\/www.c.line-design.fr\/website\/i-lumine\/wp-json\/wp\/v2\/types\/post"}],"author":[{"embeddable":true,"href":"https:\/\/www.c.line-design.fr\/website\/i-lumine\/wp-json\/wp\/v2\/users\/2"}],"replies":[{"embeddable":true,"href":"https:\/\/www.c.line-design.fr\/website\/i-lumine\/wp-json\/wp\/v2\/comments?post=218"}],"version-history":[{"count":1,"href":"https:\/\/www.c.line-design.fr\/website\/i-lumine\/wp-json\/wp\/v2\/posts\/218\/revisions"}],"predecessor-version":[{"id":4702,"href":"https:\/\/www.c.line-design.fr\/website\/i-lumine\/wp-json\/wp\/v2\/posts\/218\/revisions\/4702"}],"wp:featuredmedia":[{"embeddable":true,"href":"https:\/\/www.c.line-design.fr\/website\/i-lumine\/wp-json\/wp\/v2\/media\/4444"}],"wp:attachment":[{"href":"https:\/\/www.c.line-design.fr\/website\/i-lumine\/wp-json\/wp\/v2\/media?parent=218"}],"wp:term":[{"taxonomy":"category","embeddable":true,"href":"https:\/\/www.c.line-design.fr\/website\/i-lumine\/wp-json\/wp\/v2\/categories?post=218"},{"taxonomy":"post_tag","embeddable":true,"href":"https:\/\/www.c.line-design.fr\/website\/i-lumine\/wp-json\/wp\/v2\/tags?post=218"}],"curies":[{"name":"wp","href":"https:\/\/api.w.org\/{rel}","templated":true}]}}