{"id":2653,"date":"2012-07-27T12:17:12","date_gmt":"2012-07-27T10:17:12","guid":{"rendered":"https:\/\/www.c.line-design.fr\/website\/i-lumine\/blog\/?p=2653"},"modified":"2021-01-28T23:15:28","modified_gmt":"2021-01-28T22:15:28","slug":"seance-nature-avec-lucie-gildas-et-la-petite-adele","status":"publish","type":"post","link":"https:\/\/www.c.line-design.fr\/website\/i-lumine\/2012\/07\/27\/seance-nature-avec-lucie-gildas-et-la-petite-adele\/","title":{"rendered":"S\u00e9ance nature avec Lucie, Gildas et la petite Ad\u00e8le"},"content":{"rendered":"<p>J&rsquo;avais envie de partager avec vous une s\u00e9ance pour inaugurer la mise en ligne de mon nouveau blog peut \u00eatre la mise \u00e0 jour &nbsp;plus r\u00e9guli\u00e8rement maintenant que mon blog et tout nouveau tout beau \ud83d\ude42 &nbsp;Bon va falloir laisser passer l&rsquo;\u00e9t\u00e9 quand m\u00eame parce que la saison est charg\u00e9e ! Mais ce nouveau super top blog et ce post sont la preuve que je ne vous oublie pas &nbsp;;D !<br \/>\nJ&rsquo;ai rencontr\u00e9 cette super famille cet \u00e9t\u00e9 , une famille pleine d&rsquo;amour, de &nbsp;tendresse et 100 % investie dans leur s\u00e9ance, ils sont m\u00eame all\u00e9s en rep\u00e9rage pour trouver des endroits qui leur correspondent, Lucie attendait sa s\u00e9ance avec impatience &nbsp;et l&rsquo; adorable petite Ad\u00e8le m&rsquo;a accueilli \u00e0 bras ouvert sans aucune timidit\u00e9 &nbsp;alors \u00e7a n&rsquo;a \u00e9t\u00e9 que du bonheur &nbsp;!!! ah oui sauf quand les fourmis m&rsquo;ont mang\u00e9 \u00e7a c&rsquo;\u00e9tait moins sympa !!!<br \/>\nUn grand merci \u00e0 vous 3 pour cette super balade champ\u00eatre et ce petit ap\u00e9ro en terrasse \ud83d\ude42<\/p>\n<p><img loading=\"lazy\" decoding=\"async\" class=\"pp-insert-all size-full aligncenter\" src=\"https:\/\/www.c.line-design.fr\/website\/i-lumine\/wp-content\/uploads\/2012\/07\/1-1.jpg\" alt=\"\" width=\"1000\" height=\"667\"><img loading=\"lazy\" decoding=\"async\" class=\"pp-insert-all size-full aligncenter\" src=\"https:\/\/www.c.line-design.fr\/website\/i-lumine\/wp-content\/uploads\/2012\/07\/1-2.jpg\" alt=\"\" width=\"1000\" height=\"667\"><img loading=\"lazy\" decoding=\"async\" class=\"pp-insert-all size-full aligncenter\" src=\"https:\/\/www.c.line-design.fr\/website\/i-lumine\/wp-content\/uploads\/2012\/07\/1-3.jpg\" alt=\"\" width=\"1000\" height=\"667\"><img loading=\"lazy\" decoding=\"async\" class=\"pp-insert-all size-full aligncenter\" src=\"https:\/\/www.c.line-design.fr\/website\/i-lumine\/wp-content\/uploads\/2012\/07\/1-9.jpg\" alt=\"\" width=\"1000\" height=\"667\"><img loading=\"lazy\" decoding=\"async\" class=\"pp-insert-all size-full aligncenter\" src=\"https:\/\/www.c.line-design.fr\/website\/i-lumine\/wp-content\/uploads\/2012\/07\/1-33.jpg\" alt=\"\" width=\"1000\" height=\"667\"><img loading=\"lazy\" decoding=\"async\" class=\"pp-insert-all size-full aligncenter\" src=\"https:\/\/www.c.line-design.fr\/website\/i-lumine\/wp-content\/uploads\/2012\/07\/1-64.jpg\" alt=\"\" width=\"1000\" height=\"667\"><img loading=\"lazy\" decoding=\"async\" class=\"pp-insert-all size-full aligncenter\" src=\"https:\/\/www.c.line-design.fr\/website\/i-lumine\/wp-content\/uploads\/2012\/07\/1-65.jpg\" alt=\"\" width=\"1000\" height=\"667\"><img loading=\"lazy\" decoding=\"async\" class=\"pp-insert-all size-full aligncenter\" src=\"https:\/\/www.c.line-design.fr\/website\/i-lumine\/wp-content\/uploads\/2012\/07\/1-66.jpg\" alt=\"\" width=\"1000\" height=\"667\"><img loading=\"lazy\" decoding=\"async\" class=\"pp-insert-all size-full aligncenter\" src=\"https:\/\/www.c.line-design.fr\/website\/i-lumine\/wp-content\/uploads\/2012\/07\/1-84.jpg\" alt=\"\" width=\"667\" height=\"1000\"><img loading=\"lazy\" decoding=\"async\" class=\"pp-insert-all size-full aligncenter\" src=\"https:\/\/www.c.line-design.fr\/website\/i-lumine\/wp-content\/uploads\/2012\/07\/1-96.jpg\" alt=\"\" width=\"1000\" height=\"667\"><img loading=\"lazy\" decoding=\"async\" class=\"pp-insert-all size-full aligncenter\" src=\"https:\/\/www.c.line-design.fr\/website\/i-lumine\/wp-content\/uploads\/2012\/07\/1-98-copie.jpg\" alt=\"\" width=\"1000\" height=\"667\"><img loading=\"lazy\" decoding=\"async\" class=\"pp-insert-all size-full aligncenter\" src=\"https:\/\/www.c.line-design.fr\/website\/i-lumine\/wp-content\/uploads\/2012\/07\/1-100.jpg\" alt=\"\" width=\"1000\" height=\"667\"><img loading=\"lazy\" decoding=\"async\" class=\"pp-insert-all size-full aligncenter\" src=\"https:\/\/www.c.line-design.fr\/website\/i-lumine\/wp-content\/uploads\/2012\/07\/1-104.jpg\" alt=\"\" width=\"1000\" height=\"667\"><img loading=\"lazy\" decoding=\"async\" class=\"pp-insert-all size-full aligncenter\" src=\"https:\/\/www.c.line-design.fr\/website\/i-lumine\/wp-content\/uploads\/2012\/07\/1-113.jpg\" alt=\"\" width=\"1000\" height=\"667\"><img loading=\"lazy\" decoding=\"async\" class=\"pp-insert-all size-full aligncenter\" src=\"https:\/\/www.c.line-design.fr\/website\/i-lumine\/wp-content\/uploads\/2012\/07\/1-115.jpg\" alt=\"\" width=\"1000\" height=\"667\"><img loading=\"lazy\" decoding=\"async\" class=\"pp-insert-all size-full aligncenter\" src=\"https:\/\/www.c.line-design.fr\/website\/i-lumine\/wp-content\/uploads\/2012\/07\/1-116.jpg\" alt=\"\" width=\"1000\" height=\"667\"><img loading=\"lazy\" decoding=\"async\" class=\"pp-insert-all size-full aligncenter\" src=\"https:\/\/www.c.line-design.fr\/website\/i-lumine\/wp-content\/uploads\/2012\/07\/Sans-titre-adele.jpg\" alt=\"\" width=\"1000\" height=\"750\"><\/p>\n","protected":false},"excerpt":{"rendered":"<p>J&rsquo;avais envie de partager avec vous une s\u00e9ance pour inaugurer la mise en ligne de mon nouveau blog peut \u00eatre la mise \u00e0 jour &nbsp;plus r\u00e9guli\u00e8rement maintenant que mon blog et tout nouveau tout beau \ud83d\ude42 &nbsp;Bon va falloir laisser passer l&rsquo;\u00e9t\u00e9 quand m\u00eame parce que la saison est charg\u00e9e ! Mais ce nouveau super&hellip; <a class=\"more-link\" href=\"https:\/\/www.c.line-design.fr\/website\/i-lumine\/2012\/07\/27\/seance-nature-avec-lucie-gildas-et-la-petite-adele\/\">Poursuivre la lecture <span class=\"screen-reader-text\">S\u00e9ance nature avec Lucie, Gildas et la petite Ad\u00e8le<\/span><\/a><\/p>\n","protected":false},"author":2,"featured_media":2655,"comment_status":"open","ping_status":"open","sticky":false,"template":"","format":"standard","meta":{"footnotes":""},"categories":[36,47],"tags":[10,43,11,30,44,51,49,33,71,15,16,7,24,17,8],"class_list":["post-2653","post","type-post","status-publish","format-standard","has-post-thumbnail","hentry","category-enfants","category-famille","tag-bonheur","tag-crouzet-mathilde","tag-famille-2","tag-i-lumine-facebook","tag-lifestyle-tours","tag-mariage-37","tag-photographe-bebe","tag-photographe-couple-tours","tag-photographe-enfant-tours","tag-photographe-indre-et-loire","tag-photographe-mariage-37","tag-photographe-mariage-tours","tag-photographe-maternite-tours","tag-photographe-st-avertin","tag-photographe-tours","entry"],"_links":{"self":[{"href":"https:\/\/www.c.line-design.fr\/website\/i-lumine\/wp-json\/wp\/v2\/posts\/2653","targetHints":{"allow":["GET"]}}],"collection":[{"href":"https:\/\/www.c.line-design.fr\/website\/i-lumine\/wp-json\/wp\/v2\/posts"}],"about":[{"href":"https:\/\/www.c.line-design.fr\/website\/i-lumine\/wp-json\/wp\/v2\/types\/post"}],"author":[{"embeddable":true,"href":"https:\/\/www.c.line-design.fr\/website\/i-lumine\/wp-json\/wp\/v2\/users\/2"}],"replies":[{"embeddable":true,"href":"https:\/\/www.c.line-design.fr\/website\/i-lumine\/wp-json\/wp\/v2\/comments?post=2653"}],"version-history":[{"count":1,"href":"https:\/\/www.c.line-design.fr\/website\/i-lumine\/wp-json\/wp\/v2\/posts\/2653\/revisions"}],"predecessor-version":[{"id":4472,"href":"https:\/\/www.c.line-design.fr\/website\/i-lumine\/wp-json\/wp\/v2\/posts\/2653\/revisions\/4472"}],"wp:featuredmedia":[{"embeddable":true,"href":"https:\/\/www.c.line-design.fr\/website\/i-lumine\/wp-json\/wp\/v2\/media\/2655"}],"wp:attachment":[{"href":"https:\/\/www.c.line-design.fr\/website\/i-lumine\/wp-json\/wp\/v2\/media?parent=2653"}],"wp:term":[{"taxonomy":"category","embeddable":true,"href":"https:\/\/www.c.line-design.fr\/website\/i-lumine\/wp-json\/wp\/v2\/categories?post=2653"},{"taxonomy":"post_tag","embeddable":true,"href":"https:\/\/www.c.line-design.fr\/website\/i-lumine\/wp-json\/wp\/v2\/tags?post=2653"}],"curies":[{"name":"wp","href":"https:\/\/api.w.org\/{rel}","templated":true}]}}