{"id":2909,"date":"2012-08-31T12:51:21","date_gmt":"2012-08-31T10:51:21","guid":{"rendered":"https:\/\/www.c.line-design.fr\/website\/i-lumine\/blog\/?p=2909"},"modified":"2021-01-28T23:13:12","modified_gmt":"2021-01-28T22:13:12","slug":"cest-les-vacances","status":"publish","type":"post","link":"https:\/\/www.c.line-design.fr\/website\/i-lumine\/2012\/08\/31\/cest-les-vacances\/","title":{"rendered":"c&rsquo;est les vacances !"},"content":{"rendered":"<p>Un petit post avant les vacances ! et oui je vous quitte jusqu&rsquo;au 27 septembre ! mais je vous abandonne pas comme \u00e7a ! je vous laisse avec un&nbsp;aper\u00e7u de ce qui vous attend sur le blog \u00e0 la rentr\u00e9e !<\/p>\n<p>Pour la plupart d&rsquo;entre vous septembre rime avec rentr\u00e9e et fin des vacances mais pour moi \u00e7a rime avec fin de saison et repooooos \ud83d\ude42<br \/>\nJe remercie du fond du coeur tous ceux qui m&rsquo;ont fait confiance cette ann\u00e9e, aux couples merveilleux qui ont partag\u00e9 avec moi des moments intense en \u00e9motion, aux familles que j&rsquo;ai rencontr\u00e9, j&rsquo;ai vraiment &nbsp;fait de superbes rencontres cet \u00e9t\u00e9 alors merciiiiiiiiiiii !!! et \u00e0 tr\u00e8s vite !<\/p>\n<p>Sarah et Alexandre illustrent parfaitement mon \u00e9tat d&rsquo;esprit du jour !<br \/>\n<img loading=\"lazy\" decoding=\"async\" class=\"pp-insert-all size-full aligncenter\" src=\"https:\/\/www.c.line-design.fr\/website\/i-lumine\/wp-content\/uploads\/2012\/08\/1.jpg\" alt=\"\" width=\"1000\" height=\"667\"><br \/>\n<img loading=\"lazy\" decoding=\"async\" class=\"pp-insert-all size-full aligncenter\" src=\"https:\/\/www.c.line-design.fr\/website\/i-lumine\/wp-content\/uploads\/2012\/08\/2.jpg\" alt=\"\" width=\"1000\" height=\"667\"><img loading=\"lazy\" decoding=\"async\" class=\"pp-insert-all size-full aligncenter\" src=\"https:\/\/www.c.line-design.fr\/website\/i-lumine\/wp-content\/uploads\/2012\/08\/3.jpg\" alt=\"\" width=\"1000\" height=\"667\"><img loading=\"lazy\" decoding=\"async\" class=\"pp-insert-all size-full aligncenter\" src=\"https:\/\/www.c.line-design.fr\/website\/i-lumine\/wp-content\/uploads\/2012\/08\/4.jpg\" alt=\"\" width=\"1000\" height=\"667\"><img loading=\"lazy\" decoding=\"async\" class=\"pp-insert-all size-full aligncenter\" src=\"https:\/\/www.c.line-design.fr\/website\/i-lumine\/wp-content\/uploads\/2012\/08\/5.jpg\" alt=\"\" width=\"1000\" height=\"667\"><img loading=\"lazy\" decoding=\"async\" class=\"pp-insert-all size-full aligncenter\" src=\"https:\/\/www.c.line-design.fr\/website\/i-lumine\/wp-content\/uploads\/2012\/08\/6.jpg\" alt=\"\" width=\"1000\" height=\"667\"><img loading=\"lazy\" decoding=\"async\" class=\"pp-insert-all size-full aligncenter\" src=\"https:\/\/www.c.line-design.fr\/website\/i-lumine\/wp-content\/uploads\/2012\/08\/7.jpg\" alt=\"\" width=\"1000\" height=\"667\"><img loading=\"lazy\" decoding=\"async\" class=\"pp-insert-all size-full aligncenter\" src=\"https:\/\/www.c.line-design.fr\/website\/i-lumine\/wp-content\/uploads\/2012\/08\/8.jpg\" alt=\"\" width=\"1000\" height=\"667\"><img loading=\"lazy\" decoding=\"async\" class=\"pp-insert-all size-full aligncenter\" src=\"https:\/\/www.c.line-design.fr\/website\/i-lumine\/wp-content\/uploads\/2012\/08\/9.jpg\" alt=\"\" width=\"1000\" height=\"667\"><img loading=\"lazy\" decoding=\"async\" class=\"pp-insert-all size-full aligncenter\" src=\"https:\/\/www.c.line-design.fr\/website\/i-lumine\/wp-content\/uploads\/2012\/08\/11.jpg\" alt=\"\" width=\"1000\" height=\"667\"><img loading=\"lazy\" decoding=\"async\" class=\"pp-insert-all size-full aligncenter\" src=\"https:\/\/www.c.line-design.fr\/website\/i-lumine\/wp-content\/uploads\/2012\/08\/101.jpg\" alt=\"\" width=\"667\" height=\"1000\"><\/p>\n","protected":false},"excerpt":{"rendered":"<p>Un petit post avant les vacances ! et oui je vous quitte jusqu&rsquo;au 27 septembre ! mais je vous abandonne pas comme \u00e7a ! je vous laisse avec un&nbsp;aper\u00e7u de ce qui vous attend sur le blog \u00e0 la rentr\u00e9e ! Pour la plupart d&rsquo;entre vous septembre rime avec rentr\u00e9e et fin des vacances mais&hellip; <a class=\"more-link\" href=\"https:\/\/www.c.line-design.fr\/website\/i-lumine\/2012\/08\/31\/cest-les-vacances\/\">Poursuivre la lecture <span class=\"screen-reader-text\">c&rsquo;est les vacances !<\/span><\/a><\/p>\n","protected":false},"author":2,"featured_media":2910,"comment_status":"open","ping_status":"open","sticky":false,"template":"","format":"standard","meta":{"footnotes":""},"categories":[48,36,47,5,54],"tags":[30,12,44,51,32,6,33,71,15,24,8],"class_list":["post-2909","post","type-post","status-publish","format-standard","has-post-thumbnail","hentry","category-couple","category-enfants","category-famille","category-mariage","category-maternite","tag-i-lumine-facebook","tag-i-lumine-photographie","tag-lifestyle-tours","tag-mariage-37","tag-mathilde-crouzet-facebook","tag-photographe-37","tag-photographe-couple-tours","tag-photographe-enfant-tours","tag-photographe-indre-et-loire","tag-photographe-maternite-tours","tag-photographe-tours","entry"],"_links":{"self":[{"href":"https:\/\/www.c.line-design.fr\/website\/i-lumine\/wp-json\/wp\/v2\/posts\/2909","targetHints":{"allow":["GET"]}}],"collection":[{"href":"https:\/\/www.c.line-design.fr\/website\/i-lumine\/wp-json\/wp\/v2\/posts"}],"about":[{"href":"https:\/\/www.c.line-design.fr\/website\/i-lumine\/wp-json\/wp\/v2\/types\/post"}],"author":[{"embeddable":true,"href":"https:\/\/www.c.line-design.fr\/website\/i-lumine\/wp-json\/wp\/v2\/users\/2"}],"replies":[{"embeddable":true,"href":"https:\/\/www.c.line-design.fr\/website\/i-lumine\/wp-json\/wp\/v2\/comments?post=2909"}],"version-history":[{"count":1,"href":"https:\/\/www.c.line-design.fr\/website\/i-lumine\/wp-json\/wp\/v2\/posts\/2909\/revisions"}],"predecessor-version":[{"id":4468,"href":"https:\/\/www.c.line-design.fr\/website\/i-lumine\/wp-json\/wp\/v2\/posts\/2909\/revisions\/4468"}],"wp:featuredmedia":[{"embeddable":true,"href":"https:\/\/www.c.line-design.fr\/website\/i-lumine\/wp-json\/wp\/v2\/media\/2910"}],"wp:attachment":[{"href":"https:\/\/www.c.line-design.fr\/website\/i-lumine\/wp-json\/wp\/v2\/media?parent=2909"}],"wp:term":[{"taxonomy":"category","embeddable":true,"href":"https:\/\/www.c.line-design.fr\/website\/i-lumine\/wp-json\/wp\/v2\/categories?post=2909"},{"taxonomy":"post_tag","embeddable":true,"href":"https:\/\/www.c.line-design.fr\/website\/i-lumine\/wp-json\/wp\/v2\/tags?post=2909"}],"curies":[{"name":"wp","href":"https:\/\/api.w.org\/{rel}","templated":true}]}}