{"id":3403,"date":"2014-09-10T13:48:14","date_gmt":"2014-09-10T11:48:14","guid":{"rendered":"https:\/\/www.c.line-design.fr\/website\/i-lumine\/blog\/?p=3403"},"modified":"2021-01-28T23:05:37","modified_gmt":"2021-01-28T22:05:37","slug":"news","status":"publish","type":"post","link":"https:\/\/www.c.line-design.fr\/website\/i-lumine\/2014\/09\/10\/news\/","title":{"rendered":"Des news&#8230;"},"content":{"rendered":"<p>Vous avez du remarquer que par ici \u00e7a bougeait plus depuis <del>quelques temps<\/del> trop longtemps, un an c&rsquo;est long&nbsp; et j&rsquo;esp\u00e8re que vous m&rsquo;en excuserez mais j&rsquo;ai privil\u00e9gi\u00e9 ma vie de famille, fais un break pendant ma grossesse et \u00e0 l&rsquo;arriv\u00e9e de mon petit amour pour reprendre un peu de force. Je vais reprendre petit \u00e0 petit du service mais en m&rsquo;investissant avant tout dans <a href=\"https:\/\/www.c.line-design.fr\/website\/i-lumine\/blog\/category\/famille\/\">les s\u00e9ances familles <\/a>, j&rsquo;aimais d\u00e9j\u00e0 mettre en image les sentiments, les ptits gestes, moment de tendresse, les relations parents\/enfants et je le ressens encore plus maintenant que je suis \u00e0 mon tour maman d&rsquo;un petit Rapha\u00ebl.<\/p>\n<p>Alors si vous \u00eates comme moi et que vous trouvez que vos chers et tendres bambins grandissent beaucoup trop vite, n&rsquo;attendez pas et ne remettez pas \u00e0 demain si avez envie d&rsquo;une s\u00e9ance photo !<\/p>\n<p>Si une s\u00e9ance ensemble vous tente, vous trouverez toutes les infos<a href=\"https:\/\/www.c.line-design.fr\/website\/i-lumine\/blog\/infos\/\"> ici <\/a>je suis dispo d\u00e8s \u00e0 pr\u00e9sent \ud83d\ude09<\/p>\n<p>C&rsquo;est ce que j&rsquo;ai moi m\u00eame fait avec V\u00e9ronique de <a href=\"http:\/\/jemalovephotographie.fr\/\">Jema Love photographie<\/a> , 600 km aller\/retour pour la retrouver \u00e0 St Malo sans aucun regret , \u00e0 l&rsquo;heure actuelle je n&rsquo;en ai qu&rsquo;un petit aper\u00e7u que je partage avec vous mais je peux vous dire que ces souvenirs sont magiques !<\/p>\n<p>&nbsp;<\/p>\n<p><img loading=\"lazy\" decoding=\"async\" class=\"pp-insert-all size-full aligncenter\" src=\"https:\/\/www.c.line-design.fr\/website\/i-lumine\/wp-content\/uploads\/2014\/09\/10647136_842912132400321_5086379654854900229_n1.jpg\" alt=\"\" width=\"810\" height=\"540\"><br \/>\n<img loading=\"lazy\" decoding=\"async\" class=\"aligncenter size-full wp-image-3405\" title=\"10407760_847754858582715_6878220707999060820_n\" src=\"https:\/\/www.c.line-design.fr\/website\/i-lumine\/wp-content\/uploads\/2014\/09\/10407760_847754858582715_6878220707999060820_n1.jpg\" alt=\"\" width=\"810\" height=\"540\" srcset=\"https:\/\/www.c.line-design.fr\/website\/i-lumine\/wp-content\/uploads\/2014\/09\/10407760_847754858582715_6878220707999060820_n1.jpg 810w, https:\/\/www.c.line-design.fr\/website\/i-lumine\/wp-content\/uploads\/2014\/09\/10407760_847754858582715_6878220707999060820_n1-300x200.jpg 300w, https:\/\/www.c.line-design.fr\/website\/i-lumine\/wp-content\/uploads\/2014\/09\/10407760_847754858582715_6878220707999060820_n1-768x512.jpg 768w\" sizes=\"auto, (max-width: 810px) 100vw, 810px\" \/><br \/>\n<img loading=\"lazy\" decoding=\"async\" class=\"aligncenter size-full wp-image-3404\" title=\"10401959_842310689127132_394508285211835085_n\" src=\"https:\/\/www.c.line-design.fr\/website\/i-lumine\/wp-content\/uploads\/2014\/09\/10401959_842310689127132_394508285211835085_n1.jpg\" alt=\"\" width=\"810\" height=\"540\" srcset=\"https:\/\/www.c.line-design.fr\/website\/i-lumine\/wp-content\/uploads\/2014\/09\/10401959_842310689127132_394508285211835085_n1.jpg 810w, https:\/\/www.c.line-design.fr\/website\/i-lumine\/wp-content\/uploads\/2014\/09\/10401959_842310689127132_394508285211835085_n1-300x200.jpg 300w, https:\/\/www.c.line-design.fr\/website\/i-lumine\/wp-content\/uploads\/2014\/09\/10401959_842310689127132_394508285211835085_n1-768x512.jpg 768w\" sizes=\"auto, (max-width: 810px) 100vw, 810px\" \/><\/p>\n<p>&nbsp;<\/p>\n<p>Un autre petit conseil de maman photographe prenez le temps de capturer des ptits d\u00e9tails qui vous font craquer chez vos enfants mais qui sont \u00e9ph\u00e9m\u00e8res tel qu&rsquo;un sourire, des petits pieds, mimiques et tant d&rsquo;autre chose &#8230;<\/p>\n<p>&nbsp;<\/p>\n<p><img loading=\"lazy\" decoding=\"async\" class=\"pp-insert-all size-full aligncenter\" src=\"https:\/\/www.c.line-design.fr\/website\/i-lumine\/wp-content\/uploads\/2014\/09\/IMG_6257nb.jpg\" alt=\"\" width=\"1000\" height=\"667\"><\/p>\n<p>&nbsp;<\/p>\n<p><img loading=\"lazy\" decoding=\"async\" class=\"pp-insert-all size-full aligncenter\" src=\"https:\/\/www.c.line-design.fr\/website\/i-lumine\/wp-content\/uploads\/2014\/09\/DSCF2493nb.jpg\" alt=\"\" width=\"664\" height=\"1000\"><img loading=\"lazy\" decoding=\"async\" class=\"pp-insert-all size-full aligncenter\" src=\"https:\/\/www.c.line-design.fr\/website\/i-lumine\/wp-content\/uploads\/2014\/09\/DSCF2528-copie.jpg\" alt=\"\" width=\"1000\" height=\"657\">&nbsp;<img loading=\"lazy\" decoding=\"async\" class=\"aligncenter size-full wp-image-3407\" title=\"IMG_6240 copie\" src=\"https:\/\/www.c.line-design.fr\/website\/i-lumine\/wp-content\/uploads\/2014\/09\/IMG_6240-copie.jpg\" alt=\"\" width=\"1000\" height=\"667\" srcset=\"https:\/\/www.c.line-design.fr\/website\/i-lumine\/wp-content\/uploads\/2014\/09\/IMG_6240-copie.jpg 1000w, https:\/\/www.c.line-design.fr\/website\/i-lumine\/wp-content\/uploads\/2014\/09\/IMG_6240-copie-300x200.jpg 300w, https:\/\/www.c.line-design.fr\/website\/i-lumine\/wp-content\/uploads\/2014\/09\/IMG_6240-copie-768x512.jpg 768w\" sizes=\"auto, (max-width: 1000px) 100vw, 1000px\" \/><\/p>\n<p><img loading=\"lazy\" decoding=\"async\" class=\"aligncenter size-full wp-image-3423\" title=\"IMG_63212\" src=\"https:\/\/www.c.line-design.fr\/website\/i-lumine\/wp-content\/uploads\/2014\/09\/IMG_63212.jpg\" alt=\"\" width=\"960\" height=\"633\" srcset=\"https:\/\/www.c.line-design.fr\/website\/i-lumine\/wp-content\/uploads\/2014\/09\/IMG_63212.jpg 960w, https:\/\/www.c.line-design.fr\/website\/i-lumine\/wp-content\/uploads\/2014\/09\/IMG_63212-300x198.jpg 300w, https:\/\/www.c.line-design.fr\/website\/i-lumine\/wp-content\/uploads\/2014\/09\/IMG_63212-768x506.jpg 768w\" sizes=\"auto, (max-width: 960px) 100vw, 960px\" \/><\/p>\n<p>Quoi qu&rsquo;il en soit je vous dis \u00e0 tr\u00e8s bient\u00f4t \ud83d\ude42<\/p>\n<p>XOXO<\/p>\n<p>Mathilde<\/p>\n","protected":false},"excerpt":{"rendered":"<p>Vous avez du remarquer que par ici \u00e7a bougeait plus depuis quelques temps trop longtemps, un an c&rsquo;est long&nbsp; et j&rsquo;esp\u00e8re que vous m&rsquo;en excuserez mais j&rsquo;ai privil\u00e9gi\u00e9 ma vie de famille, fais un break pendant ma grossesse et \u00e0 l&rsquo;arriv\u00e9e de mon petit amour pour reprendre un peu de force. Je vais reprendre petit&hellip; <a class=\"more-link\" href=\"https:\/\/www.c.line-design.fr\/website\/i-lumine\/2014\/09\/10\/news\/\">Poursuivre la lecture <span class=\"screen-reader-text\">Des news&#8230;<\/span><\/a><\/p>\n","protected":false},"author":2,"featured_media":3401,"comment_status":"open","ping_status":"open","sticky":false,"template":"","format":"standard","meta":{"footnotes":""},"categories":[47,39],"tags":[10,43,11,30,12,89,44,20,6,49,15,22,23,24,17,90],"class_list":["post-3403","post","type-post","status-publish","format-standard","has-post-thumbnail","hentry","category-famille","category-personnel","tag-bonheur","tag-crouzet-mathilde","tag-famille-2","tag-i-lumine-facebook","tag-i-lumine-photographie","tag-jema-love-photographie","tag-lifestyle-tours","tag-mathilde-crouzet-photographe-37","tag-photographe-37","tag-photographe-bebe","tag-photographe-indre-et-loire","tag-photographe-lifestyle-tours","tag-photographe-maternite","tag-photographe-maternite-tours","tag-photographe-st-avertin","tag-portrait-enfant-st-avertin","entry"],"_links":{"self":[{"href":"https:\/\/www.c.line-design.fr\/website\/i-lumine\/wp-json\/wp\/v2\/posts\/3403","targetHints":{"allow":["GET"]}}],"collection":[{"href":"https:\/\/www.c.line-design.fr\/website\/i-lumine\/wp-json\/wp\/v2\/posts"}],"about":[{"href":"https:\/\/www.c.line-design.fr\/website\/i-lumine\/wp-json\/wp\/v2\/types\/post"}],"author":[{"embeddable":true,"href":"https:\/\/www.c.line-design.fr\/website\/i-lumine\/wp-json\/wp\/v2\/users\/2"}],"replies":[{"embeddable":true,"href":"https:\/\/www.c.line-design.fr\/website\/i-lumine\/wp-json\/wp\/v2\/comments?post=3403"}],"version-history":[{"count":1,"href":"https:\/\/www.c.line-design.fr\/website\/i-lumine\/wp-json\/wp\/v2\/posts\/3403\/revisions"}],"predecessor-version":[{"id":4457,"href":"https:\/\/www.c.line-design.fr\/website\/i-lumine\/wp-json\/wp\/v2\/posts\/3403\/revisions\/4457"}],"wp:featuredmedia":[{"embeddable":true,"href":"https:\/\/www.c.line-design.fr\/website\/i-lumine\/wp-json\/wp\/v2\/media\/3401"}],"wp:attachment":[{"href":"https:\/\/www.c.line-design.fr\/website\/i-lumine\/wp-json\/wp\/v2\/media?parent=3403"}],"wp:term":[{"taxonomy":"category","embeddable":true,"href":"https:\/\/www.c.line-design.fr\/website\/i-lumine\/wp-json\/wp\/v2\/categories?post=3403"},{"taxonomy":"post_tag","embeddable":true,"href":"https:\/\/www.c.line-design.fr\/website\/i-lumine\/wp-json\/wp\/v2\/tags?post=3403"}],"curies":[{"name":"wp","href":"https:\/\/api.w.org\/{rel}","templated":true}]}}