{"id":435,"date":"2010-09-29T00:05:34","date_gmt":"2010-09-28T22:05:34","guid":{"rendered":"https:\/\/www.c.line-design.fr\/website\/i-lumine\/blog\/?p=435"},"modified":"2022-04-10T22:55:43","modified_gmt":"2022-04-10T20:55:43","slug":"en-attendant-partie-2","status":"publish","type":"post","link":"https:\/\/www.c.line-design.fr\/website\/i-lumine\/2010\/09\/29\/en-attendant-partie-2\/","title":{"rendered":"En attendant &#8230; partie 2"},"content":{"rendered":"<p>Comme on dit jamais 2 sans 3 &#8230; c&rsquo;est avec plaisir que j&rsquo;ai retrouv\u00e9 toute la petite famille Camille, Antoine, Margot, Louise et le petit Emile et oui depuis notre <a href=\"https:\/\/www.c.line-design.fr\/website\/i-lumine\/blog\/?p=220\">derni\u00e8re s\u00e9ance<\/a> pendant laquelle le ventre de Camille \u00e9tait bien arrondi le petit Emile avait vu le jour !<\/p>\n<p>et c&rsquo;est toujours toute heureuse que je viens capturer leurs moments de bonheur &nbsp;! douceur et tendresse un jour de rentr\u00e9e scolaire \ud83d\ude09 ( oui un petit conseil \u00e9viter les s\u00e9ances un jour de rentr\u00e9e des classes les enfants peuvent \u00eatre fatigu\u00e9s le soir lol ! ) mais m\u00eame grognon ces petites restent des amours &#8230;<\/p>\n<p><img loading=\"lazy\" decoding=\"async\" class=\"alignnone size-medium wp-image-448\" title=\"IMG_7364-1\" src=\"https:\/\/www.c.line-design.fr\/website\/i-lumine\/wp-content\/uploads\/2010\/09\/IMG_7364-1-600x400.jpg\" alt=\"\" width=\"600\" height=\"400\"><\/p>\n<p><img loading=\"lazy\" decoding=\"async\" class=\"alignnone size-medium wp-image-453\" title=\"IMG_7638-1\" src=\"https:\/\/www.c.line-design.fr\/website\/i-lumine\/wp-content\/uploads\/2010\/09\/IMG_7638-1-600x400.jpg\" alt=\"\" width=\"600\" height=\"400\"><img loading=\"lazy\" decoding=\"async\" class=\"alignnone size-medium wp-image-452\" title=\"IMG_7449-1\" src=\"https:\/\/www.c.line-design.fr\/website\/i-lumine\/wp-content\/uploads\/2010\/09\/IMG_7449-1-600x400.jpg\" alt=\"\" width=\"600\" height=\"400\"><\/p>\n<p><img loading=\"lazy\" decoding=\"async\" class=\"alignnone size-medium wp-image-451\" title=\"IMG_7441-1\" src=\"https:\/\/www.c.line-design.fr\/website\/i-lumine\/wp-content\/uploads\/2010\/09\/IMG_7441-1-400x600.jpg\" alt=\"\" width=\"400\" height=\"600\"><\/p>\n<p><img loading=\"lazy\" decoding=\"async\" class=\"alignnone size-medium wp-image-441\" title=\"IMG_7176-1\" src=\"https:\/\/www.c.line-design.fr\/website\/i-lumine\/wp-content\/uploads\/2010\/09\/IMG_7176-1-600x400.jpg\" alt=\"\" width=\"600\" height=\"400\"><\/p>\n<p><img loading=\"lazy\" decoding=\"async\" class=\"alignnone size-medium wp-image-450\" title=\"IMG_7415-1\" src=\"https:\/\/www.c.line-design.fr\/website\/i-lumine\/wp-content\/uploads\/2010\/09\/IMG_7415-1-400x600.jpg\" alt=\"\" width=\"400\" height=\"600\"><\/p>\n<p><img loading=\"lazy\" decoding=\"async\" class=\"alignnone size-medium wp-image-446\" title=\"IMG_7311-1\" src=\"https:\/\/www.c.line-design.fr\/website\/i-lumine\/wp-content\/uploads\/2010\/09\/IMG_7311-1-400x600.jpg\" alt=\"\" width=\"400\" height=\"600\"><\/p>\n<p><img loading=\"lazy\" decoding=\"async\" class=\"alignnone size-medium wp-image-443\" title=\"IMG_7252-1\" src=\"https:\/\/www.c.line-design.fr\/website\/i-lumine\/wp-content\/uploads\/2010\/09\/IMG_7252-1-600x400.jpg\" alt=\"\" width=\"600\" height=\"400\"><img loading=\"lazy\" decoding=\"async\" class=\"alignnone size-medium wp-image-449\" title=\"IMG_7385-1\" src=\"https:\/\/www.c.line-design.fr\/website\/i-lumine\/wp-content\/uploads\/2010\/09\/IMG_7385-1-600x400.jpg\" alt=\"\" width=\"600\" height=\"400\"><\/p>\n","protected":false},"excerpt":{"rendered":"<p>Comme on dit jamais 2 sans 3 &#8230; c&rsquo;est avec plaisir que j&rsquo;ai retrouv\u00e9 toute la petite famille Camille, Antoine, Margot, Louise et le petit Emile et oui depuis notre derni\u00e8re s\u00e9ance pendant laquelle le ventre de Camille \u00e9tait bien arrondi le petit Emile avait vu le jour ! et c&rsquo;est toujours toute heureuse que&hellip; <a class=\"more-link\" href=\"https:\/\/www.c.line-design.fr\/website\/i-lumine\/2010\/09\/29\/en-attendant-partie-2\/\">Poursuivre la lecture <span class=\"screen-reader-text\">En attendant &#8230; partie 2<\/span><\/a><\/p>\n","protected":false},"author":2,"featured_media":5045,"comment_status":"open","ping_status":"open","sticky":false,"template":"","format":"standard","meta":{"footnotes":""},"categories":[18,36,47],"tags":[11,31,20,6,49,7,25,8,28],"class_list":["post-435","post","type-post","status-publish","format-standard","has-post-thumbnail","hentry","category-bebes","category-enfants","category-famille","tag-famille-2","tag-lifestyle","tag-mathilde-crouzet-photographe-37","tag-photographe-37","tag-photographe-bebe","tag-photographe-mariage-tours","tag-photographe-naissance","tag-photographe-tours","tag-seance-famille","entry"],"_links":{"self":[{"href":"https:\/\/www.c.line-design.fr\/website\/i-lumine\/wp-json\/wp\/v2\/posts\/435","targetHints":{"allow":["GET"]}}],"collection":[{"href":"https:\/\/www.c.line-design.fr\/website\/i-lumine\/wp-json\/wp\/v2\/posts"}],"about":[{"href":"https:\/\/www.c.line-design.fr\/website\/i-lumine\/wp-json\/wp\/v2\/types\/post"}],"author":[{"embeddable":true,"href":"https:\/\/www.c.line-design.fr\/website\/i-lumine\/wp-json\/wp\/v2\/users\/2"}],"replies":[{"embeddable":true,"href":"https:\/\/www.c.line-design.fr\/website\/i-lumine\/wp-json\/wp\/v2\/comments?post=435"}],"version-history":[{"count":1,"href":"https:\/\/www.c.line-design.fr\/website\/i-lumine\/wp-json\/wp\/v2\/posts\/435\/revisions"}],"predecessor-version":[{"id":5046,"href":"https:\/\/www.c.line-design.fr\/website\/i-lumine\/wp-json\/wp\/v2\/posts\/435\/revisions\/5046"}],"wp:featuredmedia":[{"embeddable":true,"href":"https:\/\/www.c.line-design.fr\/website\/i-lumine\/wp-json\/wp\/v2\/media\/5045"}],"wp:attachment":[{"href":"https:\/\/www.c.line-design.fr\/website\/i-lumine\/wp-json\/wp\/v2\/media?parent=435"}],"wp:term":[{"taxonomy":"category","embeddable":true,"href":"https:\/\/www.c.line-design.fr\/website\/i-lumine\/wp-json\/wp\/v2\/categories?post=435"},{"taxonomy":"post_tag","embeddable":true,"href":"https:\/\/www.c.line-design.fr\/website\/i-lumine\/wp-json\/wp\/v2\/tags?post=435"}],"curies":[{"name":"wp","href":"https:\/\/api.w.org\/{rel}","templated":true}]}}