{"id":494,"date":"2010-10-03T15:48:32","date_gmt":"2010-10-03T13:48:32","guid":{"rendered":"https:\/\/www.c.line-design.fr\/website\/i-lumine\/blog\/?p=494"},"modified":"2021-02-02T15:58:29","modified_gmt":"2021-02-02T14:58:29","slug":"mariage-a-lespagnole-pour-butterfly-moments","status":"publish","type":"post","link":"https:\/\/www.c.line-design.fr\/website\/i-lumine\/2010\/10\/03\/mariage-a-lespagnole-pour-butterfly-moments\/","title":{"rendered":"Mariage \u00e0 l&rsquo;espagnole &#8230; pour Butterfly moments"},"content":{"rendered":"<p>C&rsquo;est avec fiert\u00e9 mais \u00e9galement avec beaucoup d&rsquo;angoisse que j&rsquo;ai accept\u00e9 d&rsquo;\u00eatre le second shooter d&rsquo;Am\u00e9lie pour le mariage de Virginie et Ricardo . Vous imaginez la pression de travailler pour Butterfly moments !!! ( pour ce qui ne connaissent pas je vous invite a d\u00e9couvrir leur univers tellement magique, hors du temps, \u00e0 chaque nouvelle s\u00e9ance on prend de la beaut\u00e9 plein les yeux &#8230; la preuve en cliquant sur <a href=\"http:\/\/www.butterflymoments.fr\/blog\">ce lien<\/a> &#8230; je suis compl\u00e9tement FAN vous l&rsquo;aurez compris &nbsp;\ud83d\ude42 !<\/p>\n<p>Ajoutez au fait que ce soit pour Butterfly moments le fait &nbsp;de ne pas avoir rencontr\u00e9 les mari\u00e9s avant et de partir dans une ville quasi inconnue et vous aurez mon niveau de pression !!! c&rsquo;\u00e9tait pour moi ma premi\u00e8re exp\u00e9rience de second shooter ( c&rsquo;est a dire deuxi\u00e8me photographe du mariage) et franchement je suis super heureuse de l&rsquo;avoir fait aupr\u00e8s d&rsquo;Am\u00e9lie avec qui du coup une complicit\u00e9 et amiti\u00e9 est n\u00e9e , c&rsquo;est ce que j&rsquo;aime dans la photo les jolies rencontres que l&rsquo;on peut faire, &nbsp;que ce soit avec des \u00ab\u00a0coll\u00e8gues\u00a0\u00bb photographes ou bien avec des \u00a0\u00bb clients\u00a0\u00bb je mets des guillemets car j&rsquo;aime pas trop ce terme de clients car pour moi c&rsquo;est bien plus que \u00e7a &#8230; Enfin le fait est que j&rsquo;ai ador\u00e9 ce week en \u00e0 Lyon , des mari\u00e9s adorables, accueillants , souriant ramenant avec eux la chaleur de l&rsquo; Espagne qui \u00e9tait grandement repr\u00e9sent\u00e9 pendant ce mariage car Ricardo est espagnol et nos deux jeunes mari\u00e9s vivent &nbsp;\u00e0 Madrid , et y&rsquo;a pas \u00e0 dire les espagnols savent mettre l&rsquo;ambiance ! il aura fallu simplement retrouver l&rsquo;espagnol bien enfouie et non pratiqu\u00e9 depuis le lyc\u00e9e lol !<\/p>\n<p>Enfin voil\u00e0 du fond du coeur , un grand , immense , \u00e9norme &nbsp;, MERCI \u00e0 Virginie et Ricardo ainsi qu&rsquo;\u00e0 Caroline et Am\u00e9lie de&nbsp;<a href=\"http:\/\/www.butterflymoments.fr\">Butterfly moments<\/a> de m&rsquo;avoir fait confiance et m&rsquo;avoir permis de couvrir ce superbe mariage &#8230;<\/p>\n<p>edit : et pour couronner le tout nous avons eu le plaisir de voir nos photos dans le magazine <a href=\"http:\/\/www.mariageattitude.fr\/\">Mariage Attitude<\/a> !!!!<br \/>\n<img loading=\"lazy\" decoding=\"async\" src=\"https:\/\/www.c.line-design.fr\/website\/i-lumine\/wp-content\/uploads\/2010\/10\/Capture-decran-2010-11-15-a-18.32.25-600x375.png\" alt=\"\" title=\"Capture d\u2019\u00e9cran 2010-11-15 \u00e0 18.32.25\" width=\"600\" height=\"375\" class=\"alignnone size-medium wp-image-610\"><br \/>\n<img loading=\"lazy\" decoding=\"async\" src=\"https:\/\/www.c.line-design.fr\/website\/i-lumine\/wp-content\/uploads\/2010\/10\/Capture-decran-2010-11-15-a-18.31.38-600x375.png\" alt=\"\" title=\"Capture d\u2019\u00e9cran 2010-11-15 \u00e0 18.31.38\" width=\"600\" height=\"375\" class=\"alignnone size-medium wp-image-609\"><\/p>\n<p>donc voil\u00e0 un petit aper\u00e7u de cette belle journ\u00e9e &#8230;<\/p>\n<p>Direction Lyon :<\/p>\n<p><img loading=\"lazy\" decoding=\"async\" class=\"alignnone size-medium wp-image-501\" title=\"IMG_7142-1\" src=\"https:\/\/www.c.line-design.fr\/website\/i-lumine\/wp-content\/uploads\/2010\/10\/IMG_7142-1-600x400.jpg\" alt=\"\" width=\"600\" height=\"400\"><\/p>\n<p><img loading=\"lazy\" decoding=\"async\" class=\"alignnone size-medium wp-image-498\" title=\"IMG_7064-1\" src=\"https:\/\/www.c.line-design.fr\/website\/i-lumine\/wp-content\/uploads\/2010\/10\/IMG_7064-1-600x400.jpg\" alt=\"\" width=\"600\" height=\"400\"><\/p>\n<p><img loading=\"lazy\" decoding=\"async\" class=\"alignnone size-medium wp-image-500\" title=\"IMG_7109-1\" src=\"https:\/\/www.c.line-design.fr\/website\/i-lumine\/wp-content\/uploads\/2010\/10\/IMG_7109-1-400x600.jpg\" alt=\"\" width=\"400\" height=\"600\"><\/p>\n<p><img loading=\"lazy\" decoding=\"async\" class=\"alignnone size-medium wp-image-497\" title=\"IMG_7050-1\" src=\"https:\/\/www.c.line-design.fr\/website\/i-lumine\/wp-content\/uploads\/2010\/10\/IMG_7050-1-400x600.jpg\" alt=\"\" width=\"400\" height=\"600\"><\/p>\n<p><img loading=\"lazy\" decoding=\"async\" class=\"alignnone size-medium wp-image-512\" title=\"IMG_8037-1-1\" src=\"https:\/\/www.c.line-design.fr\/website\/i-lumine\/wp-content\/uploads\/2010\/10\/IMG_8037-1-1-600x400.jpg\" alt=\"\" width=\"600\" height=\"400\"><\/p>\n<p><img loading=\"lazy\" decoding=\"async\" class=\"alignnone size-medium wp-image-511\" title=\"IMG_8010-1-1\" src=\"https:\/\/www.c.line-design.fr\/website\/i-lumine\/wp-content\/uploads\/2010\/10\/IMG_8010-1-1-400x600.jpg\" alt=\"\" width=\"400\" height=\"600\"><\/p>\n<p><img loading=\"lazy\" decoding=\"async\" class=\"alignnone size-medium wp-image-507\" title=\"IMG_7430-1-1\" src=\"https:\/\/www.c.line-design.fr\/website\/i-lumine\/wp-content\/uploads\/2010\/10\/IMG_7430-1-1-400x600.jpg\" alt=\"\" width=\"400\" height=\"600\"><\/p>\n<p><img loading=\"lazy\" decoding=\"async\" class=\"alignnone size-medium wp-image-509\" title=\"IMG_7748-1-1\" src=\"https:\/\/www.c.line-design.fr\/website\/i-lumine\/wp-content\/uploads\/2010\/10\/IMG_7748-1-1-400x600.jpg\" alt=\"\" width=\"400\" height=\"600\"><\/p>\n<p><img loading=\"lazy\" decoding=\"async\" class=\"alignnone size-medium wp-image-508\" title=\"IMG_7649-1-1\" src=\"https:\/\/www.c.line-design.fr\/website\/i-lumine\/wp-content\/uploads\/2010\/10\/IMG_7649-1-1-600x400.jpg\" alt=\"\" width=\"600\" height=\"400\"><\/p>\n<p>Voil\u00e0 pourquoi je me suis mise \u00e0 4 pattes dans l&rsquo;Eglise pour prendre en photo cette adorable Carlotta \ud83d\ude09<\/p>\n<p><img loading=\"lazy\" decoding=\"async\" class=\"alignnone size-medium wp-image-514\" title=\"IMG_8171-1-1\" src=\"https:\/\/www.c.line-design.fr\/website\/i-lumine\/wp-content\/uploads\/2010\/10\/IMG_8171-1-1-600x400.jpg\" alt=\"\" width=\"600\" height=\"400\"><\/p>\n<p><img loading=\"lazy\" decoding=\"async\" class=\"alignnone size-medium wp-image-531\" title=\"IMG_8783-1-1\" src=\"https:\/\/www.c.line-design.fr\/website\/i-lumine\/wp-content\/uploads\/2010\/10\/IMG_8783-1-1-400x600.jpg\" alt=\"\" width=\"400\" height=\"600\"><\/p>\n<p><img loading=\"lazy\" decoding=\"async\" class=\"alignnone size-medium wp-image-529\" title=\"IMG_8688-1-1\" src=\"https:\/\/www.c.line-design.fr\/website\/i-lumine\/wp-content\/uploads\/2010\/10\/IMG_8688-1-1-400x600.jpg\" alt=\"\" width=\"400\" height=\"600\"><\/p>\n<p><img loading=\"lazy\" decoding=\"async\" class=\"alignnone size-medium wp-image-527\" title=\"IMG_8417-1-1\" src=\"https:\/\/www.c.line-design.fr\/website\/i-lumine\/wp-content\/uploads\/2010\/10\/IMG_8417-1-1-600x400.jpg\" alt=\"\" width=\"600\" height=\"400\"><\/p>\n<p><img loading=\"lazy\" decoding=\"async\" class=\"alignnone size-medium wp-image-519\" title=\"IMG_8304-1-1\" src=\"https:\/\/www.c.line-design.fr\/website\/i-lumine\/wp-content\/uploads\/2010\/10\/IMG_8304-1-1-600x400.jpg\" alt=\"\" width=\"600\" height=\"400\"><\/p>\n<p><img loading=\"lazy\" decoding=\"async\" class=\"alignnone size-medium wp-image-535\" title=\"2\" src=\"https:\/\/www.c.line-design.fr\/website\/i-lumine\/wp-content\/uploads\/2010\/10\/2-600x460.jpg\" alt=\"\" width=\"600\" height=\"460\"><\/p>\n<p><img loading=\"lazy\" decoding=\"async\" class=\"alignnone size-medium wp-image-526\" title=\"IMG_8394-1-1\" src=\"https:\/\/www.c.line-design.fr\/website\/i-lumine\/wp-content\/uploads\/2010\/10\/IMG_8394-1-1-600x400.jpg\" alt=\"\" width=\"600\" height=\"400\"><\/p>\n<p><img loading=\"lazy\" decoding=\"async\" class=\"alignnone size-medium wp-image-517\" title=\"IMG_8245-1-1\" src=\"https:\/\/www.c.line-design.fr\/website\/i-lumine\/wp-content\/uploads\/2010\/10\/IMG_8245-1-1-600x400.jpg\" alt=\"\" width=\"600\" height=\"400\"><\/p>\n<p><img loading=\"lazy\" decoding=\"async\" class=\"alignnone size-medium wp-image-518\" title=\"IMG_8254-1-1\" src=\"https:\/\/www.c.line-design.fr\/website\/i-lumine\/wp-content\/uploads\/2010\/10\/IMG_8254-1-1-600x400.jpg\" alt=\"\" width=\"600\" height=\"400\"><\/p>\n<p><img loading=\"lazy\" decoding=\"async\" class=\"alignnone size-medium wp-image-525\" title=\"IMG_8384-1-1\" src=\"https:\/\/www.c.line-design.fr\/website\/i-lumine\/wp-content\/uploads\/2010\/10\/IMG_8384-1-1-400x600.jpg\" alt=\"\" width=\"400\" height=\"600\"><\/p>\n<p>j&rsquo;aime beaucoup celle ci pour la tendresse que Ricardo et Virginie d\u00e9gagent &lt;3<\/p>\n<p><img loading=\"lazy\" decoding=\"async\" class=\"alignnone size-medium wp-image-534\" title=\"1\" src=\"https:\/\/www.c.line-design.fr\/website\/i-lumine\/wp-content\/uploads\/2010\/10\/1-600x460.jpg\" alt=\"\" width=\"600\" height=\"460\"><\/p>\n<p><img loading=\"lazy\" decoding=\"async\" class=\"alignnone size-medium wp-image-536\" title=\"detail\" src=\"https:\/\/www.c.line-design.fr\/website\/i-lumine\/wp-content\/uploads\/2010\/10\/detail-600x460.jpg\" alt=\"\" width=\"600\" height=\"460\"><\/p>\n<p>Nos photos dans Mariage attitudes \ud83d\ude42<br \/>\n<object style=\"width:600;height:450\"><param name=\"movie\" value=\"http:\/\/static.issuu.com\/webembed\/viewers\/style1\/v1\/IssuuViewer.swf?mode=embed&amp;documentId=101110114813-e5f8e6b7808b490bac0d8659f210d82a&amp;documentUsername=MariageAttitude&amp;documentName=mariage_attitude_saison_3&amp;layout=http%3A%2F%2Fskin.issuu.com%2Fv%2Flight%2Flayout.xml&amp;showFlipBtn=true\"><param name=\"allowFullScreen\" value=\"true\"><embed src=\"http:\/\/static.issuu.com\/webembed\/viewers\/style1\/v1\/IssuuViewer.swf\" type=\"application\/x-shockwave-flash\" allowfullscreen=\"true\" style=\"width:600;height:450\" flashvars=\"mode=embed&amp;documentId=101110114813-e5f8e6b7808b490bac0d8659f210d82a&amp;documentUsername=MariageAttitude&amp;documentName=mariage_attitude_saison_3&amp;layout=http%3A%2F%2Fskin.issuu.com%2Fv%2Flight%2Flayout.xml&amp;showFlipBtn=true\"><\/object><\/p>\n","protected":false},"excerpt":{"rendered":"<p>C&rsquo;est avec fiert\u00e9 mais \u00e9galement avec beaucoup d&rsquo;angoisse que j&rsquo;ai accept\u00e9 d&rsquo;\u00eatre le second shooter d&rsquo;Am\u00e9lie pour le mariage de Virginie et Ricardo . Vous imaginez la pression de travailler pour Butterfly moments !!! ( pour ce qui ne connaissent pas je vous invite a d\u00e9couvrir leur univers tellement magique, hors du temps, \u00e0 chaque&hellip; <a class=\"more-link\" href=\"https:\/\/www.c.line-design.fr\/website\/i-lumine\/2010\/10\/03\/mariage-a-lespagnole-pour-butterfly-moments\/\">Poursuivre la lecture <span class=\"screen-reader-text\">Mariage \u00e0 l&rsquo;espagnole &#8230; pour Butterfly moments<\/span><\/a><\/p>\n","protected":false},"author":2,"featured_media":4722,"comment_status":"open","ping_status":"open","sticky":false,"template":"","format":"standard","meta":{"footnotes":""},"categories":[48,5],"tags":[10,34,11,57,20,6,33,22,7,8,41,28],"class_list":["post-494","post","type-post","status-publish","format-standard","has-post-thumbnail","hentry","category-couple","category-mariage","tag-bonheur","tag-butterfly-moments","tag-famille-2","tag-mariage-attitude","tag-mathilde-crouzet-photographe-37","tag-photographe-37","tag-photographe-couple-tours","tag-photographe-lifestyle-tours","tag-photographe-mariage-tours","tag-photographe-tours","tag-seance-engagement","tag-seance-famille","entry"],"_links":{"self":[{"href":"https:\/\/www.c.line-design.fr\/website\/i-lumine\/wp-json\/wp\/v2\/posts\/494","targetHints":{"allow":["GET"]}}],"collection":[{"href":"https:\/\/www.c.line-design.fr\/website\/i-lumine\/wp-json\/wp\/v2\/posts"}],"about":[{"href":"https:\/\/www.c.line-design.fr\/website\/i-lumine\/wp-json\/wp\/v2\/types\/post"}],"author":[{"embeddable":true,"href":"https:\/\/www.c.line-design.fr\/website\/i-lumine\/wp-json\/wp\/v2\/users\/2"}],"replies":[{"embeddable":true,"href":"https:\/\/www.c.line-design.fr\/website\/i-lumine\/wp-json\/wp\/v2\/comments?post=494"}],"version-history":[{"count":1,"href":"https:\/\/www.c.line-design.fr\/website\/i-lumine\/wp-json\/wp\/v2\/posts\/494\/revisions"}],"predecessor-version":[{"id":4726,"href":"https:\/\/www.c.line-design.fr\/website\/i-lumine\/wp-json\/wp\/v2\/posts\/494\/revisions\/4726"}],"wp:featuredmedia":[{"embeddable":true,"href":"https:\/\/www.c.line-design.fr\/website\/i-lumine\/wp-json\/wp\/v2\/media\/4722"}],"wp:attachment":[{"href":"https:\/\/www.c.line-design.fr\/website\/i-lumine\/wp-json\/wp\/v2\/media?parent=494"}],"wp:term":[{"taxonomy":"category","embeddable":true,"href":"https:\/\/www.c.line-design.fr\/website\/i-lumine\/wp-json\/wp\/v2\/categories?post=494"},{"taxonomy":"post_tag","embeddable":true,"href":"https:\/\/www.c.line-design.fr\/website\/i-lumine\/wp-json\/wp\/v2\/tags?post=494"}],"curies":[{"name":"wp","href":"https:\/\/api.w.org\/{rel}","templated":true}]}}