{"id":846,"date":"2011-02-10T22:31:37","date_gmt":"2011-02-10T20:31:37","guid":{"rendered":"https:\/\/www.c.line-design.fr\/website\/i-lumine\/blog\/?p=846"},"modified":"2021-02-02T14:18:48","modified_gmt":"2021-02-02T13:18:48","slug":"si-petite-si-fragile","status":"publish","type":"post","link":"https:\/\/www.c.line-design.fr\/website\/i-lumine\/2011\/02\/10\/si-petite-si-fragile\/","title":{"rendered":"Si petite, si fragile &#8230;"},"content":{"rendered":"<p>Apr\u00e8s une petite pause hivernale et quelque temps sans poster, de nouvelles s\u00e9ances vont pointer le bout de leur nez sur le blog  !<br \/>\nJe commence par une s\u00e9ance coup de coeur car j&rsquo;avais d\u00e9j\u00e0 il y&rsquo;a quelque temps maintenant r\u00e9alis\u00e9 le mariage de Caroline et Alexis les heureux parents d&rsquo; Appoline. J &lsquo;aime tellement garder ce lien avec mes clients qui sont bien plus pour moi , alors quel bonheur de les retrouver ensuite pour partager avec eux des moments si forts &#8230; une s\u00e9ance remplie de douceur, j&rsquo;ai adorer photographier leur petite princesse ( une fois endormie hein parce que cette demoiselle est d\u00e9j\u00e0 bien \u00e9veill\u00e9e et elle avait d\u00e9cid\u00e9 que pendant la s\u00e9ance il n&rsquo;\u00e9tait pas question de dormir !! ) enfin j&rsquo;en profite pour souhaiter de tout mon coeur le plein de bonheur \u00e0 Caro et Alexis pour leur nouvelle vie \u00e0 trois !  \u00e0 tr\u00e8s vite  !<\/p>\n<p><img loading=\"lazy\" decoding=\"async\" class=\"aligncenter size-large wp-image-850\" title=\"IMG_0557 copie\" src=\"https:\/\/www.c.line-design.fr\/website\/i-lumine\/wp-content\/uploads\/2011\/02\/IMG_0557-copie-800x533.jpg\" alt=\"\" width=\"800\" height=\"533\"><br \/>\n<img loading=\"lazy\" decoding=\"async\" src=\"https:\/\/www.c.line-design.fr\/website\/i-lumine\/wp-content\/uploads\/2011\/02\/IMG_04983-533x800.jpg\" alt=\"\" title=\"IMG_0498\" width=\"533\" height=\"800\" class=\"aligncenter size-large wp-image-869\"><br \/>\n<img loading=\"lazy\" decoding=\"async\" class=\"aligncenter size-large wp-image-860\" title=\"IMG_0605\" src=\"https:\/\/www.c.line-design.fr\/website\/i-lumine\/wp-content\/uploads\/2011\/02\/IMG_06051-800x533.jpg\" alt=\"\" width=\"800\" height=\"533\"><br \/>\n<img loading=\"lazy\" decoding=\"async\" class=\"aligncenter size-large wp-image-852\" title=\"IMG_0583\" src=\"https:\/\/www.c.line-design.fr\/website\/i-lumine\/wp-content\/uploads\/2011\/02\/IMG_0583-533x800.jpg\" alt=\"\" width=\"533\" height=\"800\"><br \/>\n<img loading=\"lazy\" decoding=\"async\" class=\"aligncenter size-large wp-image-857\" title=\"IMG_0550\" src=\"https:\/\/www.c.line-design.fr\/website\/i-lumine\/wp-content\/uploads\/2011\/02\/IMG_05502-533x800.jpg\" alt=\"\" width=\"533\" height=\"800\"><br \/>\n<img loading=\"lazy\" decoding=\"async\" class=\"aligncenter size-large wp-image-851\" title=\"IMG_0563\" src=\"https:\/\/www.c.line-design.fr\/website\/i-lumine\/wp-content\/uploads\/2011\/02\/IMG_0563-800x533.jpg\" alt=\"\" width=\"800\" height=\"533\"><br \/>\n<img loading=\"lazy\" decoding=\"async\" class=\"aligncenter size-large wp-image-847\" title=\"IMG_0137\" src=\"https:\/\/www.c.line-design.fr\/website\/i-lumine\/wp-content\/uploads\/2011\/02\/IMG_0137-800x533.jpg\" alt=\"\" width=\"800\" height=\"533\"><\/p>\n<p>quelques photos en musique &#8230;<\/p>\n<p><object id=\"showit_swf\" classid=\"clsid:d27cdb6e-ae6d-11cf-96b8-444553540000\" width=\"700\" height=\"600\" codebase=\"http:\/\/download.macromedia.com\/pub\/shockwave\/cabs\/flash\/swflash.cab#version=6,0,40,0\"><param name=\"data\" value=\"http:\/\/siw.myshowit.com\/501797\/30176\/showit.swf\"><param name=\"flashvars\" value=\"showit_embed=http:\/\/siw.myshowit.com\/501797\/30176\/|700|600|1|1|0\"><param name=\"wmode\" value=\"transparent\"><param name=\"salign\" value=\"LT\"><param name=\"menu\" value=\"false\"><param name=\"loop\" value=\"false\"><param name=\"quality\" value=\"best\"><param name=\"bgcolor\" value=\"#000000\"><param name=\"src\" value=\"http:\/\/siw.myshowit.com\/501797\/30176\/showit.swf\"><embed id=\"showit_swf\" type=\"application\/x-shockwave-flash\" width=\"700\" height=\"600\" src=\"http:\/\/siw.myshowit.com\/501797\/30176\/showit.swf\" bgcolor=\"#000000\" quality=\"best\" loop=\"false\" menu=\"false\" salign=\"LT\" wmode=\"transparent\" flashvars=\"showit_embed=http:\/\/siw.myshowit.com\/501797\/30176\/|700|600|1|1|0\" data=\"http:\/\/siw.myshowit.com\/501797\/30176\/showit.swf\"><\/object><\/p>\n","protected":false},"excerpt":{"rendered":"<p>Apr\u00e8s une petite pause hivernale et quelque temps sans poster, de nouvelles s\u00e9ances vont pointer le bout de leur nez sur le blog ! Je commence par une s\u00e9ance coup de coeur car j&rsquo;avais d\u00e9j\u00e0 il y&rsquo;a quelque temps maintenant r\u00e9alis\u00e9 le mariage de Caroline et Alexis les heureux parents d&rsquo; Appoline. J &lsquo;aime tellement&hellip; <a class=\"more-link\" href=\"https:\/\/www.c.line-design.fr\/website\/i-lumine\/2011\/02\/10\/si-petite-si-fragile\/\">Poursuivre la lecture <span class=\"screen-reader-text\">Si petite, si fragile &#8230;<\/span><\/a><\/p>\n","protected":false},"author":2,"featured_media":850,"comment_status":"open","ping_status":"open","sticky":false,"template":"","format":"standard","meta":{"footnotes":""},"categories":[18,47],"tags":[10,43,11,30,12,31,44,51,20,52,53,6,49,22,24,25,17,8,28],"class_list":["post-846","post","type-post","status-publish","format-standard","has-post-thumbnail","hentry","category-bebes","category-famille","tag-bonheur","tag-crouzet-mathilde","tag-famille-2","tag-i-lumine-facebook","tag-i-lumine-photographie","tag-lifestyle","tag-lifestyle-tours","tag-mariage-37","tag-mathilde-crouzet-photographe-37","tag-nouveau-ne","tag-photo-bebe","tag-photographe-37","tag-photographe-bebe","tag-photographe-lifestyle-tours","tag-photographe-maternite-tours","tag-photographe-naissance","tag-photographe-st-avertin","tag-photographe-tours","tag-seance-famille","entry"],"_links":{"self":[{"href":"https:\/\/www.c.line-design.fr\/website\/i-lumine\/wp-json\/wp\/v2\/posts\/846","targetHints":{"allow":["GET"]}}],"collection":[{"href":"https:\/\/www.c.line-design.fr\/website\/i-lumine\/wp-json\/wp\/v2\/posts"}],"about":[{"href":"https:\/\/www.c.line-design.fr\/website\/i-lumine\/wp-json\/wp\/v2\/types\/post"}],"author":[{"embeddable":true,"href":"https:\/\/www.c.line-design.fr\/website\/i-lumine\/wp-json\/wp\/v2\/users\/2"}],"replies":[{"embeddable":true,"href":"https:\/\/www.c.line-design.fr\/website\/i-lumine\/wp-json\/wp\/v2\/comments?post=846"}],"version-history":[{"count":1,"href":"https:\/\/www.c.line-design.fr\/website\/i-lumine\/wp-json\/wp\/v2\/posts\/846\/revisions"}],"predecessor-version":[{"id":4665,"href":"https:\/\/www.c.line-design.fr\/website\/i-lumine\/wp-json\/wp\/v2\/posts\/846\/revisions\/4665"}],"wp:featuredmedia":[{"embeddable":true,"href":"https:\/\/www.c.line-design.fr\/website\/i-lumine\/wp-json\/wp\/v2\/media\/850"}],"wp:attachment":[{"href":"https:\/\/www.c.line-design.fr\/website\/i-lumine\/wp-json\/wp\/v2\/media?parent=846"}],"wp:term":[{"taxonomy":"category","embeddable":true,"href":"https:\/\/www.c.line-design.fr\/website\/i-lumine\/wp-json\/wp\/v2\/categories?post=846"},{"taxonomy":"post_tag","embeddable":true,"href":"https:\/\/www.c.line-design.fr\/website\/i-lumine\/wp-json\/wp\/v2\/tags?post=846"}],"curies":[{"name":"wp","href":"https:\/\/api.w.org\/{rel}","templated":true}]}}