{"id":871,"date":"2011-03-03T01:29:16","date_gmt":"2011-03-02T23:29:16","guid":{"rendered":"https:\/\/www.c.line-design.fr\/website\/i-lumine\/blog\/?p=871"},"modified":"2021-02-02T14:15:29","modified_gmt":"2021-02-02T13:15:29","slug":"quelques-heures-en-famille","status":"publish","type":"post","link":"https:\/\/www.c.line-design.fr\/website\/i-lumine\/2011\/03\/03\/quelques-heures-en-famille\/","title":{"rendered":"Quelques heures en Famille &#8230;"},"content":{"rendered":"<p>Un tr\u00e8s bon aprem en compagnie de Juliette et ses parents pour capturer de jolis moments en famille, une s\u00e9ance engagement particuli\u00e8re car les futurs mari\u00e9s n&rsquo;\u00e9taient pas deux mais trois ! ils souhaitez profiter de cette s\u00e9ance pour avoir des souvenirs de leur magnifique petite Juliette qui fait ses premiers pas , un \u00e2ge craquant o\u00f9 les petits pas incertains s&rsquo;encha\u00eenent avec fiert\u00e9 !<br \/>\nEt c&rsquo;est avec grand plaisir et impatience que je les retrouverai tous les 3 dans 15 jours pour leur mariage ! ( qui d&rsquo;ailleur ouvrira pour moi la saison des mariages 2011 ! )<br \/>\nAlors \u00e0 bient\u00f4t pour la suite de cette jolie histoire de famille \ud83d\ude09<\/p>\n<p><img loading=\"lazy\" decoding=\"async\" src=\"https:\/\/www.c.line-design.fr\/website\/i-lumine\/wp-content\/uploads\/2011\/03\/juliette1-800x613.jpg\" alt=\"\" title=\"juliette1\" width=\"800\" height=\"613\" class=\"aligncenter size-large wp-image-885\"><br \/>\n<img loading=\"lazy\" decoding=\"async\" class=\"aligncenter size-large wp-image-872\" title=\"IMG_0788 copie\" src=\"https:\/\/www.c.line-design.fr\/website\/i-lumine\/wp-content\/uploads\/2011\/03\/IMG_0788-copie-533x800.jpg\" alt=\"\" width=\"533\" height=\"800\"><\/p>\n<p><img loading=\"lazy\" decoding=\"async\" class=\"aligncenter size-large wp-image-879\" title=\"IMG_0983 copie\" src=\"https:\/\/www.c.line-design.fr\/website\/i-lumine\/wp-content\/uploads\/2011\/03\/IMG_0983-copie-533x800.jpg\" alt=\"\" width=\"533\" height=\"800\"><\/p>\n<p><img loading=\"lazy\" decoding=\"async\" class=\"aligncenter size-large wp-image-873\" title=\"IMG_0818 copie\" src=\"https:\/\/www.c.line-design.fr\/website\/i-lumine\/wp-content\/uploads\/2011\/03\/IMG_0818-copie-533x800.jpg\" alt=\"\" width=\"533\" height=\"800\"><br \/>\n<img loading=\"lazy\" decoding=\"async\" src=\"https:\/\/www.c.line-design.fr\/website\/i-lumine\/wp-content\/uploads\/2011\/03\/IMG_0936-copie1-533x800.jpg\" alt=\"\" title=\"IMG_0936 copie\" width=\"533\" height=\"800\" class=\"aligncenter size-large wp-image-886\"><\/p>\n<p><img loading=\"lazy\" decoding=\"async\" class=\"aligncenter size-large wp-image-878\" title=\"IMG_0980 copie\" src=\"https:\/\/www.c.line-design.fr\/website\/i-lumine\/wp-content\/uploads\/2011\/03\/IMG_0980-copie-800x533.jpg\" alt=\"\" width=\"800\" height=\"533\"><br \/>\n<img loading=\"lazy\" decoding=\"async\" src=\"https:\/\/www.c.line-design.fr\/website\/i-lumine\/wp-content\/uploads\/2011\/03\/juliette3-800x613.jpg\" alt=\"\" title=\"juliette3\" width=\"800\" height=\"613\" class=\"aligncenter size-large wp-image-888\"><br \/>\n<img loading=\"lazy\" decoding=\"async\" src=\"https:\/\/www.c.line-design.fr\/website\/i-lumine\/wp-content\/uploads\/2011\/03\/IMG_0966-copie1-800x533.jpg\" alt=\"\" title=\"IMG_0966 copie\" width=\"800\" height=\"533\" class=\"aligncenter size-large wp-image-887\"><br \/>\n<img loading=\"lazy\" decoding=\"async\" class=\"aligncenter size-large wp-image-874\" title=\"IMG_0833\" src=\"https:\/\/www.c.line-design.fr\/website\/i-lumine\/wp-content\/uploads\/2011\/03\/IMG_0833-533x800.jpg\" alt=\"\" width=\"533\" height=\"800\"><br \/>\n<img loading=\"lazy\" decoding=\"async\" class=\"aligncenter size-large wp-image-883\" title=\"juliette23\" src=\"https:\/\/www.c.line-design.fr\/website\/i-lumine\/wp-content\/uploads\/2011\/03\/juliette23-800x613.jpg\" alt=\"\" width=\"800\" height=\"613\"><\/p>\n","protected":false},"excerpt":{"rendered":"<p>Un tr\u00e8s bon aprem en compagnie de Juliette et ses parents pour capturer de jolis moments en famille, une s\u00e9ance engagement particuli\u00e8re car les futurs mari\u00e9s n&rsquo;\u00e9taient pas deux mais trois ! ils souhaitez profiter de cette s\u00e9ance pour avoir des souvenirs de leur magnifique petite Juliette qui fait ses premiers pas , un \u00e2ge&hellip; <a class=\"more-link\" href=\"https:\/\/www.c.line-design.fr\/website\/i-lumine\/2011\/03\/03\/quelques-heures-en-famille\/\">Poursuivre la lecture <span class=\"screen-reader-text\">Quelques heures en Famille &#8230;<\/span><\/a><\/p>\n","protected":false},"author":2,"featured_media":885,"comment_status":"open","ping_status":"open","sticky":false,"template":"","format":"standard","meta":{"footnotes":""},"categories":[18,48,47],"tags":[9,10,43,11,30,12,31,44,32,52,53,6,33,15,22,16,7,24,17,8,26,28],"class_list":["post-871","post","type-post","status-publish","format-standard","has-post-thumbnail","hentry","category-bebes","category-couple","category-famille","tag-amoureux","tag-bonheur","tag-crouzet-mathilde","tag-famille-2","tag-i-lumine-facebook","tag-i-lumine-photographie","tag-lifestyle","tag-lifestyle-tours","tag-mathilde-crouzet-facebook","tag-nouveau-ne","tag-photo-bebe","tag-photographe-37","tag-photographe-couple-tours","tag-photographe-indre-et-loire","tag-photographe-lifestyle-tours","tag-photographe-mariage-37","tag-photographe-mariage-tours","tag-photographe-maternite-tours","tag-photographe-st-avertin","tag-photographe-tours","tag-portrait","tag-seance-famille","entry"],"_links":{"self":[{"href":"https:\/\/www.c.line-design.fr\/website\/i-lumine\/wp-json\/wp\/v2\/posts\/871","targetHints":{"allow":["GET"]}}],"collection":[{"href":"https:\/\/www.c.line-design.fr\/website\/i-lumine\/wp-json\/wp\/v2\/posts"}],"about":[{"href":"https:\/\/www.c.line-design.fr\/website\/i-lumine\/wp-json\/wp\/v2\/types\/post"}],"author":[{"embeddable":true,"href":"https:\/\/www.c.line-design.fr\/website\/i-lumine\/wp-json\/wp\/v2\/users\/2"}],"replies":[{"embeddable":true,"href":"https:\/\/www.c.line-design.fr\/website\/i-lumine\/wp-json\/wp\/v2\/comments?post=871"}],"version-history":[{"count":1,"href":"https:\/\/www.c.line-design.fr\/website\/i-lumine\/wp-json\/wp\/v2\/posts\/871\/revisions"}],"predecessor-version":[{"id":4664,"href":"https:\/\/www.c.line-design.fr\/website\/i-lumine\/wp-json\/wp\/v2\/posts\/871\/revisions\/4664"}],"wp:featuredmedia":[{"embeddable":true,"href":"https:\/\/www.c.line-design.fr\/website\/i-lumine\/wp-json\/wp\/v2\/media\/885"}],"wp:attachment":[{"href":"https:\/\/www.c.line-design.fr\/website\/i-lumine\/wp-json\/wp\/v2\/media?parent=871"}],"wp:term":[{"taxonomy":"category","embeddable":true,"href":"https:\/\/www.c.line-design.fr\/website\/i-lumine\/wp-json\/wp\/v2\/categories?post=871"},{"taxonomy":"post_tag","embeddable":true,"href":"https:\/\/www.c.line-design.fr\/website\/i-lumine\/wp-json\/wp\/v2\/tags?post=871"}],"curies":[{"name":"wp","href":"https:\/\/api.w.org\/{rel}","templated":true}]}}