{"id":916,"date":"2011-03-09T13:14:07","date_gmt":"2011-03-09T11:14:07","guid":{"rendered":"https:\/\/www.c.line-design.fr\/website\/i-lumine\/blog\/?p=916"},"modified":"2021-02-02T14:13:27","modified_gmt":"2021-02-02T13:13:27","slug":"mere-fille","status":"publish","type":"post","link":"https:\/\/www.c.line-design.fr\/website\/i-lumine\/2011\/03\/09\/mere-fille\/","title":{"rendered":"M\u00e8re &#038; Fille &#8230;"},"content":{"rendered":"<p>Une s\u00e9ance qui m&rsquo;a beaucoup touch\u00e9e personnellement, la relation qui pour moi \u00e0 le plus d&rsquo;importance \u00e0 mes yeux, celle d&rsquo;une maman aimante et de sa fille, un lien fort et incassable &#8230; Je me suis retrouv\u00e9e au travers de la belle S\u00e9verine et son adorable maman &#8230; un moment d&rsquo;\u00e9motion pour des photos souvenirs , accompagn\u00e9 d&rsquo;Oslow leur chien ador\u00e9 de 13 ans \ud83d\ude42<\/p>\n<p><img loading=\"lazy\" decoding=\"async\" class=\"aligncenter size-large wp-image-917\" title=\"IMG_2570 copie\" src=\"https:\/\/www.c.line-design.fr\/website\/i-lumine\/wp-content\/uploads\/2011\/03\/IMG_2570-copie-800x533.jpg\" alt=\"\" width=\"800\" height=\"533\"><br \/>\n<img loading=\"lazy\" decoding=\"async\" class=\"aligncenter size-large wp-image-930\" title=\"IMG_2592 copie\" src=\"https:\/\/www.c.line-design.fr\/website\/i-lumine\/wp-content\/uploads\/2011\/03\/IMG_2592-copie1-800x533.jpg\" alt=\"\" width=\"800\" height=\"533\"><br \/>\n<img loading=\"lazy\" decoding=\"async\" class=\"aligncenter size-large wp-image-937\" title=\"IMG_2879-1 copie\" src=\"https:\/\/www.c.line-design.fr\/website\/i-lumine\/wp-content\/uploads\/2011\/03\/IMG_2879-1-copie1-533x800.jpg\" alt=\"\" width=\"533\" height=\"800\"><br \/>\n<img loading=\"lazy\" decoding=\"async\" class=\"aligncenter size-large wp-image-934\" title=\"IMG_2814 copie\" src=\"https:\/\/www.c.line-design.fr\/website\/i-lumine\/wp-content\/uploads\/2011\/03\/IMG_2814-copie-800x533.jpg\" alt=\"\" width=\"800\" height=\"533\"><br \/>\n<img loading=\"lazy\" decoding=\"async\" class=\"aligncenter size-large wp-image-936\" title=\"IMG_2865-1 copie\" src=\"https:\/\/www.c.line-design.fr\/website\/i-lumine\/wp-content\/uploads\/2011\/03\/IMG_2865-1-copie-800x533.jpg\" alt=\"\" width=\"800\" height=\"533\"><br \/>\n<img loading=\"lazy\" decoding=\"async\" class=\"aligncenter size-large wp-image-926\" title=\"IMG_2893-1\" src=\"https:\/\/www.c.line-design.fr\/website\/i-lumine\/wp-content\/uploads\/2011\/03\/IMG_2893-1-800x533.jpg\" alt=\"\" width=\"800\" height=\"533\"><br \/>\n<img loading=\"lazy\" decoding=\"async\" class=\"aligncenter size-large wp-image-929\" title=\"IMG_2586 copie\" src=\"https:\/\/www.c.line-design.fr\/website\/i-lumine\/wp-content\/uploads\/2011\/03\/IMG_2586-copie1-800x533.jpg\" alt=\"\" width=\"800\" height=\"533\"><br \/>\n<img loading=\"lazy\" decoding=\"async\" class=\"aligncenter size-large wp-image-940\" title=\"Sans titre-1\" src=\"https:\/\/www.c.line-design.fr\/website\/i-lumine\/wp-content\/uploads\/2011\/03\/Sans-titre-1-800x613.jpg\" alt=\"\" width=\"800\" height=\"613\"><br \/>\n<img loading=\"lazy\" decoding=\"async\" class=\"aligncenter size-large wp-image-939\" title=\"IMG_2934-1 copie\" src=\"https:\/\/www.c.line-design.fr\/website\/i-lumine\/wp-content\/uploads\/2011\/03\/IMG_2934-1-copie1-800x533.jpg\" alt=\"\" width=\"800\" height=\"533\"><br \/>\n<img loading=\"lazy\" decoding=\"async\" class=\"aligncenter size-large wp-image-933\" title=\"IMG_2793 copie\" src=\"https:\/\/www.c.line-design.fr\/website\/i-lumine\/wp-content\/uploads\/2011\/03\/IMG_2793-copie1-800x533.jpg\" alt=\"\" width=\"800\" height=\"533\"><\/p>\n","protected":false},"excerpt":{"rendered":"<p>Une s\u00e9ance qui m&rsquo;a beaucoup touch\u00e9e personnellement, la relation qui pour moi \u00e0 le plus d&rsquo;importance \u00e0 mes yeux, celle d&rsquo;une maman aimante et de sa fille, un lien fort et incassable &#8230; Je me suis retrouv\u00e9e au travers de la belle S\u00e9verine et son adorable maman &#8230; un moment d&rsquo;\u00e9motion pour des photos souvenirs&hellip; <a class=\"more-link\" href=\"https:\/\/www.c.line-design.fr\/website\/i-lumine\/2011\/03\/09\/mere-fille\/\">Poursuivre la lecture <span class=\"screen-reader-text\">M\u00e8re &#038; Fille &#8230;<\/span><\/a><\/p>\n","protected":false},"author":2,"featured_media":917,"comment_status":"open","ping_status":"open","sticky":false,"template":"","format":"standard","meta":{"footnotes":""},"categories":[47,19,63],"tags":[10,43,11,30,20,6,15,22,7,17,8,26],"class_list":["post-916","post","type-post","status-publish","format-standard","has-post-thumbnail","hentry","category-famille","category-les-grands","category-les-quatre-pattes","tag-bonheur","tag-crouzet-mathilde","tag-famille-2","tag-i-lumine-facebook","tag-mathilde-crouzet-photographe-37","tag-photographe-37","tag-photographe-indre-et-loire","tag-photographe-lifestyle-tours","tag-photographe-mariage-tours","tag-photographe-st-avertin","tag-photographe-tours","tag-portrait","entry"],"_links":{"self":[{"href":"https:\/\/www.c.line-design.fr\/website\/i-lumine\/wp-json\/wp\/v2\/posts\/916","targetHints":{"allow":["GET"]}}],"collection":[{"href":"https:\/\/www.c.line-design.fr\/website\/i-lumine\/wp-json\/wp\/v2\/posts"}],"about":[{"href":"https:\/\/www.c.line-design.fr\/website\/i-lumine\/wp-json\/wp\/v2\/types\/post"}],"author":[{"embeddable":true,"href":"https:\/\/www.c.line-design.fr\/website\/i-lumine\/wp-json\/wp\/v2\/users\/2"}],"replies":[{"embeddable":true,"href":"https:\/\/www.c.line-design.fr\/website\/i-lumine\/wp-json\/wp\/v2\/comments?post=916"}],"version-history":[{"count":1,"href":"https:\/\/www.c.line-design.fr\/website\/i-lumine\/wp-json\/wp\/v2\/posts\/916\/revisions"}],"predecessor-version":[{"id":4662,"href":"https:\/\/www.c.line-design.fr\/website\/i-lumine\/wp-json\/wp\/v2\/posts\/916\/revisions\/4662"}],"wp:featuredmedia":[{"embeddable":true,"href":"https:\/\/www.c.line-design.fr\/website\/i-lumine\/wp-json\/wp\/v2\/media\/917"}],"wp:attachment":[{"href":"https:\/\/www.c.line-design.fr\/website\/i-lumine\/wp-json\/wp\/v2\/media?parent=916"}],"wp:term":[{"taxonomy":"category","embeddable":true,"href":"https:\/\/www.c.line-design.fr\/website\/i-lumine\/wp-json\/wp\/v2\/categories?post=916"},{"taxonomy":"post_tag","embeddable":true,"href":"https:\/\/www.c.line-design.fr\/website\/i-lumine\/wp-json\/wp\/v2\/tags?post=916"}],"curies":[{"name":"wp","href":"https:\/\/api.w.org\/{rel}","templated":true}]}}