{"id":951,"date":"2011-03-30T01:08:11","date_gmt":"2011-03-29T23:08:11","guid":{"rendered":"https:\/\/www.c.line-design.fr\/website\/i-lumine\/blog\/?p=951"},"modified":"2021-02-02T14:11:33","modified_gmt":"2021-02-02T13:11:33","slug":"perso-ma-plus-belle-histoire-damour","status":"publish","type":"post","link":"https:\/\/www.c.line-design.fr\/website\/i-lumine\/2011\/03\/30\/perso-ma-plus-belle-histoire-damour\/","title":{"rendered":"*** Perso *** Ma plus belle histoire d&rsquo;amour &#8230;"},"content":{"rendered":"<p>Pour une fois ce n&rsquo;est pas une de mes s\u00e9ances que je vais partager sur mon blog mais un moment perso , un diapo plein d&rsquo;\u00e9motion pour moi et j&rsquo;avais envie de le partager avec vous &#8230; De vous donner un peu de \u00ab\u00a0moi \u00a0\u00bb ici .<br \/>\nIl y&rsquo;a quelques semaine nous avons profit\u00e9 du s\u00e9jour d&rsquo;Am\u00e9lie \u00e0 la maison pour organiser une s\u00e9ance m\u00e8re et fille , je souhaitais offrir \u00e0 ma maman des photos de nous deux &#8230; et l&rsquo;occasion c&rsquo;est pr\u00e9sent\u00e9e , alors je suis pass\u00e9e de l&rsquo;autre cot\u00e9 de l&rsquo;objectif quelques heures laissant en toute confiance Am\u00e9lie capter notre relation et notre complicit\u00e9, je n&rsquo;ai pas de mots pour d\u00e9crire ce que je ressens, je suis fi\u00e8re d&rsquo;avoir une maman comme la mienne, pleine de vie , pleine d&rsquo;amour , toujours pr\u00e9sente et souriante , qui a toujours les mots justes ( m\u00eame si une maman \u00e7a r\u00e2le aussi !!! ), elle m&rsquo;a toujours encourag\u00e9 , a toujours cru en moi et pouss\u00e9 pour que je prenne confiance en moi et que j&rsquo;avance , une maman toujours pr\u00e9sente et patiente \u00e0 toute \u00e9preuve! &#8230; Alors j&rsquo;avais envie de lui consacrer cet article pour la remercier de tout mon coeur d&rsquo;\u00eatre comme elle est et lui redire que je l&rsquo;aime tellement fort &#8230;<br \/>\nEt je remercie du fond du coeur Am\u00e9lie pour cette s\u00e9ance inestimable &#8230; mon moment d&rsquo;\u00e9motion &#8230; Merci &lt;3 &#8230;<br \/>\n\u00a9 photo : Am\u00e9lie Veron<\/p>\n<p><object id=\"showit_swf\" width=\"700\" height=\"600\" classid=\"clsid:d27cdb6e-ae6d-11cf-96b8-444553540000\" codebase=\"http:\/\/download.macromedia.com\/pub\/shockwave\/cabs\/flash\/swflash.cab#version=6,0,40,0\"><param name=\"flashvars\" value=\"showit_embed=http:\/\/siw.myshowit.com\/501797\/31447\/|700|600|1|1|0\"><param name=\"wmode\" value=\"transparent\"><param name=\"salign\" value=\"LT\"><param name=\"menu\" value=\"false\"><param name=\"loop\" value=\"false\"><param name=\"quality\" value=\"best\"><param name=\"src\" value=\"http:\/\/siw.myshowit.com\/501797\/31447\/showit.swf\"><embed id=\"showit_swf\" width=\"700\" height=\"600\" type=\"application\/x-shockwave-flash\" src=\"http:\/\/siw.myshowit.com\/501797\/31447\/showit.swf\" flashvars=\"showit_embed=http:\/\/siw.myshowit.com\/501797\/31447\/|700|600|1|1|0\" wmode=\"transparent\" salign=\"LT\" menu=\"false\" loop=\"false\" quality=\"best\"><\/object><\/p>\n<p><img loading=\"lazy\" decoding=\"async\" class=\"aligncenter size-large wp-image-953\" title=\"110312_011\" src=\"https:\/\/www.c.line-design.fr\/website\/i-lumine\/wp-content\/uploads\/2011\/03\/110312_011-800x533.jpg\" alt=\"\" width=\"800\" height=\"533\"><br \/>\n<img loading=\"lazy\" decoding=\"async\" class=\"aligncenter size-large wp-image-959\" title=\"110313_141\" src=\"https:\/\/www.c.line-design.fr\/website\/i-lumine\/wp-content\/uploads\/2011\/03\/110313_141-533x800.jpg\" alt=\"\" width=\"533\" height=\"800\"><br \/>\n<img loading=\"lazy\" decoding=\"async\" class=\"aligncenter size-large wp-image-958\" title=\"110313_118\" src=\"https:\/\/www.c.line-design.fr\/website\/i-lumine\/wp-content\/uploads\/2011\/03\/110313_118-800x533.jpg\" alt=\"\" width=\"800\" height=\"533\"><br \/>\n<img loading=\"lazy\" decoding=\"async\" class=\"aligncenter size-large wp-image-955\" title=\"110312_053\" src=\"https:\/\/www.c.line-design.fr\/website\/i-lumine\/wp-content\/uploads\/2011\/03\/110312_053-800x533.jpg\" alt=\"\" width=\"800\" height=\"533\"><br \/>\n<img loading=\"lazy\" decoding=\"async\" class=\"aligncenter size-large wp-image-954\" title=\"110312_038\" src=\"https:\/\/www.c.line-design.fr\/website\/i-lumine\/wp-content\/uploads\/2011\/03\/110312_038-800x533.jpg\" alt=\"\" width=\"800\" height=\"533\"><br \/>\n<img loading=\"lazy\" decoding=\"async\" class=\"aligncenter size-large wp-image-956\" title=\"110312_093\" src=\"https:\/\/www.c.line-design.fr\/website\/i-lumine\/wp-content\/uploads\/2011\/03\/110312_093-800x533.jpg\" alt=\"\" width=\"800\" height=\"533\"><\/p>\n<p>Merci encore Am\u00e9lie \ud83d\ude42<br \/>\n<img loading=\"lazy\" decoding=\"async\" class=\"aligncenter size-large wp-image-957\" title=\"110313_113\" src=\"https:\/\/www.c.line-design.fr\/website\/i-lumine\/wp-content\/uploads\/2011\/03\/110313_113-800x533.jpg\" alt=\"\" width=\"800\" height=\"533\"><\/p>\n","protected":false},"excerpt":{"rendered":"<p>Pour une fois ce n&rsquo;est pas une de mes s\u00e9ances que je vais partager sur mon blog mais un moment perso , un diapo plein d&rsquo;\u00e9motion pour moi et j&rsquo;avais envie de le partager avec vous &#8230; De vous donner un peu de \u00ab\u00a0moi \u00a0\u00bb ici . Il y&rsquo;a quelques semaine nous avons profit\u00e9 du&hellip; <a class=\"more-link\" href=\"https:\/\/www.c.line-design.fr\/website\/i-lumine\/2011\/03\/30\/perso-ma-plus-belle-histoire-damour\/\">Poursuivre la lecture <span class=\"screen-reader-text\">*** Perso *** Ma plus belle histoire d&rsquo;amour &#8230;<\/span><\/a><\/p>\n","protected":false},"author":2,"featured_media":953,"comment_status":"open","ping_status":"open","sticky":false,"template":"","format":"standard","meta":{"footnotes":""},"categories":[39],"tags":[64,65,66,67,68],"class_list":["post-951","post","type-post","status-publish","format-standard","has-post-thumbnail","hentry","category-personnel","tag-amelie-veron","tag-callibella","tag-mere-et-fille","tag-photo-mere-fille","tag-photographe-lyon","entry"],"_links":{"self":[{"href":"https:\/\/www.c.line-design.fr\/website\/i-lumine\/wp-json\/wp\/v2\/posts\/951","targetHints":{"allow":["GET"]}}],"collection":[{"href":"https:\/\/www.c.line-design.fr\/website\/i-lumine\/wp-json\/wp\/v2\/posts"}],"about":[{"href":"https:\/\/www.c.line-design.fr\/website\/i-lumine\/wp-json\/wp\/v2\/types\/post"}],"author":[{"embeddable":true,"href":"https:\/\/www.c.line-design.fr\/website\/i-lumine\/wp-json\/wp\/v2\/users\/2"}],"replies":[{"embeddable":true,"href":"https:\/\/www.c.line-design.fr\/website\/i-lumine\/wp-json\/wp\/v2\/comments?post=951"}],"version-history":[{"count":2,"href":"https:\/\/www.c.line-design.fr\/website\/i-lumine\/wp-json\/wp\/v2\/posts\/951\/revisions"}],"predecessor-version":[{"id":4659,"href":"https:\/\/www.c.line-design.fr\/website\/i-lumine\/wp-json\/wp\/v2\/posts\/951\/revisions\/4659"}],"wp:featuredmedia":[{"embeddable":true,"href":"https:\/\/www.c.line-design.fr\/website\/i-lumine\/wp-json\/wp\/v2\/media\/953"}],"wp:attachment":[{"href":"https:\/\/www.c.line-design.fr\/website\/i-lumine\/wp-json\/wp\/v2\/media?parent=951"}],"wp:term":[{"taxonomy":"category","embeddable":true,"href":"https:\/\/www.c.line-design.fr\/website\/i-lumine\/wp-json\/wp\/v2\/categories?post=951"},{"taxonomy":"post_tag","embeddable":true,"href":"https:\/\/www.c.line-design.fr\/website\/i-lumine\/wp-json\/wp\/v2\/tags?post=951"}],"curies":[{"name":"wp","href":"https:\/\/api.w.org\/{rel}","templated":true}]}}