{"id":986,"date":"2011-04-12T10:39:23","date_gmt":"2011-04-12T08:39:23","guid":{"rendered":"https:\/\/www.c.line-design.fr\/website\/i-lumine\/blog\/?p=986"},"modified":"2021-02-02T14:08:54","modified_gmt":"2021-02-02T13:08:54","slug":"elise-et-eva","status":"publish","type":"post","link":"https:\/\/www.c.line-design.fr\/website\/i-lumine\/2011\/04\/12\/elise-et-eva\/","title":{"rendered":"Elise et Eva"},"content":{"rendered":"<p>Quelques minutes d&rsquo;un aprem copine , pour faire quelques portraits de l&rsquo;adorable Eva , j&rsquo;avais photographi\u00e9 quelques mois avant Elise qui attendait cette petite princesse <a href=\"https:\/\/www.c.line-design.fr\/website\/i-lumine\/blog\/?p=213\">( pour la s\u00e9ance maternit\u00e9 cliquez )<\/a><br \/>\n<img loading=\"lazy\" decoding=\"async\" src=\"https:\/\/www.c.line-design.fr\/website\/i-lumine\/wp-content\/uploads\/2017\/10\/IMG_6573-copie-600x400.jpg\" alt=\"\" title=\"IMG_6573 copie\" width=\"600\" height=\"400\" class=\"aligncenter size-medium wp-image-987\"><br \/>\n<img loading=\"lazy\" decoding=\"async\" src=\"https:\/\/www.c.line-design.fr\/website\/i-lumine\/wp-content\/uploads\/2011\/04\/IMG_6595-copie-400x600.jpg\" alt=\"\" title=\"IMG_6595 copie\" width=\"400\" height=\"600\" class=\"aligncenter size-medium wp-image-988\"><br \/>\n<img loading=\"lazy\" decoding=\"async\" src=\"https:\/\/www.c.line-design.fr\/website\/i-lumine\/wp-content\/uploads\/2011\/04\/IMG_6682-copie1-400x600.jpg\" alt=\"\" title=\"IMG_6682 copie\" width=\"400\" height=\"600\" class=\"aligncenter size-medium wp-image-990\"><br \/>\n<img loading=\"lazy\" decoding=\"async\" src=\"https:\/\/www.c.line-design.fr\/website\/i-lumine\/wp-content\/uploads\/2011\/04\/IMG_6647-1-399x600.jpg\" alt=\"\" title=\"IMG_6647-1\" width=\"399\" height=\"600\" class=\"aligncenter size-medium wp-image-994\"><br \/>\n<img loading=\"lazy\" decoding=\"async\" src=\"https:\/\/www.c.line-design.fr\/website\/i-lumine\/wp-content\/uploads\/2011\/04\/IMG_6574-1-600x399.jpg\" alt=\"\" title=\"IMG_6574-1\" width=\"600\" height=\"399\" class=\"aligncenter size-medium wp-image-991\"><\/p>\n","protected":false},"excerpt":{"rendered":"<p>Quelques minutes d&rsquo;un aprem copine , pour faire quelques portraits de l&rsquo;adorable Eva , j&rsquo;avais photographi\u00e9 quelques mois avant Elise qui attendait cette petite princesse ( pour la s\u00e9ance maternit\u00e9 cliquez )<\/p>\n","protected":false},"author":2,"featured_media":987,"comment_status":"open","ping_status":"open","sticky":false,"template":"","format":"standard","meta":{"footnotes":""},"categories":[18],"tags":[10,43,11,30,12,31,44,22,24,25,17,28],"class_list":["post-986","post","type-post","status-publish","format-standard","has-post-thumbnail","hentry","category-bebes","tag-bonheur","tag-crouzet-mathilde","tag-famille-2","tag-i-lumine-facebook","tag-i-lumine-photographie","tag-lifestyle","tag-lifestyle-tours","tag-photographe-lifestyle-tours","tag-photographe-maternite-tours","tag-photographe-naissance","tag-photographe-st-avertin","tag-seance-famille","entry"],"_links":{"self":[{"href":"https:\/\/www.c.line-design.fr\/website\/i-lumine\/wp-json\/wp\/v2\/posts\/986","targetHints":{"allow":["GET"]}}],"collection":[{"href":"https:\/\/www.c.line-design.fr\/website\/i-lumine\/wp-json\/wp\/v2\/posts"}],"about":[{"href":"https:\/\/www.c.line-design.fr\/website\/i-lumine\/wp-json\/wp\/v2\/types\/post"}],"author":[{"embeddable":true,"href":"https:\/\/www.c.line-design.fr\/website\/i-lumine\/wp-json\/wp\/v2\/users\/2"}],"replies":[{"embeddable":true,"href":"https:\/\/www.c.line-design.fr\/website\/i-lumine\/wp-json\/wp\/v2\/comments?post=986"}],"version-history":[{"count":1,"href":"https:\/\/www.c.line-design.fr\/website\/i-lumine\/wp-json\/wp\/v2\/posts\/986\/revisions"}],"predecessor-version":[{"id":4656,"href":"https:\/\/www.c.line-design.fr\/website\/i-lumine\/wp-json\/wp\/v2\/posts\/986\/revisions\/4656"}],"wp:featuredmedia":[{"embeddable":true,"href":"https:\/\/www.c.line-design.fr\/website\/i-lumine\/wp-json\/wp\/v2\/media\/987"}],"wp:attachment":[{"href":"https:\/\/www.c.line-design.fr\/website\/i-lumine\/wp-json\/wp\/v2\/media?parent=986"}],"wp:term":[{"taxonomy":"category","embeddable":true,"href":"https:\/\/www.c.line-design.fr\/website\/i-lumine\/wp-json\/wp\/v2\/categories?post=986"},{"taxonomy":"post_tag","embeddable":true,"href":"https:\/\/www.c.line-design.fr\/website\/i-lumine\/wp-json\/wp\/v2\/tags?post=986"}],"curies":[{"name":"wp","href":"https:\/\/api.w.org\/{rel}","templated":true}]}}